{"id":11293,"date":"2024-08-29T09:41:46","date_gmt":"2024-08-29T12:41:46","guid":{"rendered":"https:\/\/oeirasdopara.pa.gov.br\/novo\/?p=11293"},"modified":"2026-04-15T16:28:12","modified_gmt":"2026-04-15T19:28:12","slug":"pregao-eletronico-srp-no-9-2024-00023","status":"publish","type":"post","link":"https:\/\/oeirasdopara.pa.gov.br\/novo\/pregao-eletronico-srp-no-9-2024-00023\/","title":{"rendered":"PREG\u00c3O ELETR\u00d4NICO SRP N\u00ba 9\/2024-00023"},"content":{"rendered":"<p>OBJETO: CONTRATA\u00c7\u00c3O DE EMPRESA ESPECIALIZADA PARA PRESTA\u00c7\u00c3O DE SERVI\u00c7O DE MANUTEN\u00c7\u00c3O PREVENTIVA E CORRETIVA DA ILUMINA\u00c7\u00c3O P\u00daBLICA, PARA ATENDER AS NECESSIDADES DA SECRET\u00c1RIA MUNICIPAL DE INFRAESTRUTURA DO MUNICIPIO DE OEIRAS DO PAR\u00c1.<\/p>\n<ul>\n<li><a href=\"https:\/\/oeirasdopara.pa.gov.br\/novo\/wp-content\/uploads\/2024\/08\/PARECER-JURIDICO-100.pdf\">PARECER JURIDICO<\/a><\/li>\n<li><a href=\"https:\/\/oeirasdopara.pa.gov.br\/novo\/wp-content\/uploads\/2024\/08\/TERMO-DE-REFERENCIA-69.pdf\">TERMO DE REFERENCIA <\/a><\/li>\n<li><a href=\"https:\/\/oeirasdopara.pa.gov.br\/novo\/wp-content\/uploads\/2024\/08\/MAPA-COMPARATIVO-70.pdf\">MAPA COMPARATIVO<\/a><\/li>\n<li><a href=\"https:\/\/oeirasdopara.pa.gov.br\/novo\/wp-content\/uploads\/2024\/08\/PARECER-CONTROLE-INTERNO-37.pdf\">PARECER CONTROLE INTERNO <\/a><\/li>\n<li><a href=\"https:\/\/oeirasdopara.pa.gov.br\/novo\/wp-content\/uploads\/2024\/08\/ESTUDO-TECNICO-PRELIMINAR-66.pdf\">ESTUDO T\u00c9CNICO PRELIMINAR <\/a><\/li>\n<li><a href=\"https:\/\/oeirasdopara.pa.gov.br\/novo\/wp-content\/uploads\/2024\/08\/JULGAMENTO-E-ATAS-DAS-SESSOES-13.pdf\">JULGAMENTO E ATAS DAS SESS\u00d5ES <\/a><\/li>\n<li><a href=\"https:\/\/oeirasdopara.pa.gov.br\/novo\/wp-content\/uploads\/2024\/08\/EDITAL-90.pdf\">EDITAL <\/a><\/li>\n<li><a href=\"https:\/\/oeirasdopara.pa.gov.br\/novo\/wp-content\/uploads\/2024\/08\/DOCUMENTO-DE-FORMALIZACAO-76.pdf\">DOCUMENTO DE FORMALIZA\u00c7\u00c3O <\/a><\/li>\n<li><a href=\"https:\/\/oeirasdopara.pa.gov.br\/novo\/wp-content\/uploads\/2024\/08\/ATO-DE-ADJUDICACAO-E-DE-HOMOLOGACAO-16.pdf\">ATO DE ADJUDICA\u00c7\u00c3O E DE HOMOLOGA\u00c7\u00c3O<\/a><\/li>\n<\/ul>\n<p>&nbsp;<\/p>\n<p>CONTRATOS:<\/p>\n<p>EM BREVE&#8230;<\/p>\n","protected":false},"excerpt":{"rendered":"<p>OBJETO: CONTRATA\u00c7\u00c3O DE EMPRESA ESPECIALIZADA PARA PRESTA\u00c7\u00c3O DE SERVI\u00c7O DE MANUTEN\u00c7\u00c3O PREVENTIVA E CORRETIVA DA ILUMINA\u00c7\u00c3O P\u00daBLICA, PARA ATENDER AS NECESSIDADES DA SECRET\u00c1RIA MUNICIPAL DE INFRAESTRUTURA DO MUNICIPIO DE OEIRAS DO PAR\u00c1. PARECER JURIDICO TERMO DE REFERENCIA MAPA COMPARATIVO PARECER CONTROLE INTERNO ESTUDO T\u00c9CNICO PRELIMINAR JULGAMENTO E ATAS DAS SESS\u00d5ES EDITAL DOCUMENTO DE FORMALIZA\u00c7\u00c3O ATO [&hellip;]<\/p>\n","protected":false},"author":6,"featured_media":0,"comment_status":"closed","ping_status":"open","sticky":false,"template":"","format":"standard","meta":{"_seopress_robots_primary_cat":"none","_seopress_titles_title":"","_seopress_titles_desc":"","_seopress_robots_index":"","footnotes":""},"categories":[69],"tags":[],"class_list":["post-11293","post","type-post","status-publish","format-standard","hentry","category-editais"],"_links":{"self":[{"href":"https:\/\/oeirasdopara.pa.gov.br\/novo\/wp-json\/wp\/v2\/posts\/11293","targetHints":{"allow":["GET"]}}],"collection":[{"href":"https:\/\/oeirasdopara.pa.gov.br\/novo\/wp-json\/wp\/v2\/posts"}],"about":[{"href":"https:\/\/oeirasdopara.pa.gov.br\/novo\/wp-json\/wp\/v2\/types\/post"}],"author":[{"embeddable":true,"href":"https:\/\/oeirasdopara.pa.gov.br\/novo\/wp-json\/wp\/v2\/users\/6"}],"replies":[{"embeddable":true,"href":"https:\/\/oeirasdopara.pa.gov.br\/novo\/wp-json\/wp\/v2\/comments?post=11293"}],"version-history":[{"count":3,"href":"https:\/\/oeirasdopara.pa.gov.br\/novo\/wp-json\/wp\/v2\/posts\/11293\/revisions"}],"predecessor-version":[{"id":13882,"href":"https:\/\/oeirasdopara.pa.gov.br\/novo\/wp-json\/wp\/v2\/posts\/11293\/revisions\/13882"}],"wp:attachment":[{"href":"https:\/\/oeirasdopara.pa.gov.br\/novo\/wp-json\/wp\/v2\/media?parent=11293"}],"wp:term":[{"taxonomy":"category","embeddable":true,"href":"https:\/\/oeirasdopara.pa.gov.br\/novo\/wp-json\/wp\/v2\/categories?post=11293"},{"taxonomy":"post_tag","embeddable":true,"href":"https:\/\/oeirasdopara.pa.gov.br\/novo\/wp-json\/wp\/v2\/tags?post=11293"}],"curies":[{"name":"wp","href":"https:\/\/api.w.org\/{rel}","templated":true}]}}