{"id":11283,"date":"2024-08-28T12:15:37","date_gmt":"2024-08-28T15:15:37","guid":{"rendered":"https:\/\/oeirasdopara.pa.gov.br\/novo\/?p=11283"},"modified":"2026-04-15T16:33:46","modified_gmt":"2026-04-15T19:33:46","slug":"pregao-eletronico-srp-no-9-2024-00028","status":"publish","type":"post","link":"https:\/\/oeirasdopara.pa.gov.br\/novo\/pregao-eletronico-srp-no-9-2024-00028\/","title":{"rendered":"PREG\u00c3O ELETR\u00d4NICO SRP N\u00ba 9\/2024-00028"},"content":{"rendered":"<p>OBJETO: CONTRATA\u00c7\u00c3O DE EMPRESA FORNECEDORA DE MATERIAIS DE EXPEDIENTE E DID\u00c1TICO PEDAG\u00d3GICOS PARA ATENDER AS NECESSIDADES DA SECRETARIA MUNICIPAL DE EDUCA\u00c7\u00c3O DE OEIRAS DO PAR\u00c1 E FUNDOS VINCULADOS.<\/p>\n<ul>\n<li><a href=\"https:\/\/oeirasdopara.pa.gov.br\/novo\/wp-content\/uploads\/2024\/08\/TERMO-DE-REFERENCIA-70.pdf\">TERMO DE REFERENCIA<\/a><\/li>\n<li><a href=\"https:\/\/oeirasdopara.pa.gov.br\/novo\/wp-content\/uploads\/2024\/08\/MAPA-COMPARATIVO-71.pdf\">MAPA COMPARATIVO <\/a><\/li>\n<li><a href=\"https:\/\/oeirasdopara.pa.gov.br\/novo\/wp-content\/uploads\/2024\/08\/PARECER-JURIDICO-2026-04-15T163000.671.pdf\">PARECER JURIDICO <\/a><\/li>\n<li><a href=\"https:\/\/oeirasdopara.pa.gov.br\/novo\/wp-content\/uploads\/2024\/08\/PARECER-CONTROLE-INTERNO-38.pdf\">PARECER CONTROLE INTERNO<\/a><\/li>\n<li><a href=\"https:\/\/oeirasdopara.pa.gov.br\/novo\/wp-content\/uploads\/2024\/08\/JULGAMENTO-E-ATAS-DAS-SESSOES-14.pdf\">JULGAMENTO E ATAS DAS SESS\u00d5ES<\/a><\/li>\n<li><a href=\"https:\/\/oeirasdopara.pa.gov.br\/novo\/wp-content\/uploads\/2024\/08\/ESTUDO-TECNICO-PRELIMINAR-67.pdf\">ESTUDO T\u00c9CNICO PRELIMINAR <\/a><\/li>\n<li><a href=\"https:\/\/oeirasdopara.pa.gov.br\/novo\/wp-content\/uploads\/2024\/08\/EDITAL-91.pdf\">EDITAL <\/a><\/li>\n<li><a href=\"https:\/\/oeirasdopara.pa.gov.br\/novo\/wp-content\/uploads\/2024\/08\/DOCUMENTO-DE-FORMALIZACAO-77.pdf\">DOCUMENTO DE FORMALIZA\u00c7\u00c3O <\/a><\/li>\n<li><a href=\"https:\/\/oeirasdopara.pa.gov.br\/novo\/wp-content\/uploads\/2024\/08\/ATO-DE-ADJUDICACAO-E-DE-HOMOLOGACAO-17.pdf\">ATO DE ADJUDICA\u00c7\u00c3O E DE HOMOLOGA\u00c7\u00c3O<\/a><\/li>\n<\/ul>\n<p>&nbsp;<\/p>\n<p>CONTRATOS:<\/p>\n<p>EM BREVE&#8230;<\/p>\n","protected":false},"excerpt":{"rendered":"<p>OBJETO: CONTRATA\u00c7\u00c3O DE EMPRESA FORNECEDORA DE MATERIAIS DE EXPEDIENTE E DID\u00c1TICO PEDAG\u00d3GICOS PARA ATENDER AS NECESSIDADES DA SECRETARIA MUNICIPAL DE EDUCA\u00c7\u00c3O DE OEIRAS DO PAR\u00c1 E FUNDOS VINCULADOS. TERMO DE REFERENCIA MAPA COMPARATIVO PARECER JURIDICO PARECER CONTROLE INTERNO JULGAMENTO E ATAS DAS SESS\u00d5ES ESTUDO T\u00c9CNICO PRELIMINAR EDITAL DOCUMENTO DE FORMALIZA\u00c7\u00c3O ATO DE ADJUDICA\u00c7\u00c3O E DE [&hellip;]<\/p>\n","protected":false},"author":6,"featured_media":0,"comment_status":"closed","ping_status":"open","sticky":false,"template":"","format":"standard","meta":{"_seopress_robots_primary_cat":"none","_seopress_titles_title":"","_seopress_titles_desc":"","_seopress_robots_index":"","footnotes":""},"categories":[69],"tags":[],"class_list":["post-11283","post","type-post","status-publish","format-standard","hentry","category-editais"],"_links":{"self":[{"href":"https:\/\/oeirasdopara.pa.gov.br\/novo\/wp-json\/wp\/v2\/posts\/11283","targetHints":{"allow":["GET"]}}],"collection":[{"href":"https:\/\/oeirasdopara.pa.gov.br\/novo\/wp-json\/wp\/v2\/posts"}],"about":[{"href":"https:\/\/oeirasdopara.pa.gov.br\/novo\/wp-json\/wp\/v2\/types\/post"}],"author":[{"embeddable":true,"href":"https:\/\/oeirasdopara.pa.gov.br\/novo\/wp-json\/wp\/v2\/users\/6"}],"replies":[{"embeddable":true,"href":"https:\/\/oeirasdopara.pa.gov.br\/novo\/wp-json\/wp\/v2\/comments?post=11283"}],"version-history":[{"count":3,"href":"https:\/\/oeirasdopara.pa.gov.br\/novo\/wp-json\/wp\/v2\/posts\/11283\/revisions"}],"predecessor-version":[{"id":13893,"href":"https:\/\/oeirasdopara.pa.gov.br\/novo\/wp-json\/wp\/v2\/posts\/11283\/revisions\/13893"}],"wp:attachment":[{"href":"https:\/\/oeirasdopara.pa.gov.br\/novo\/wp-json\/wp\/v2\/media?parent=11283"}],"wp:term":[{"taxonomy":"category","embeddable":true,"href":"https:\/\/oeirasdopara.pa.gov.br\/novo\/wp-json\/wp\/v2\/categories?post=11283"},{"taxonomy":"post_tag","embeddable":true,"href":"https:\/\/oeirasdopara.pa.gov.br\/novo\/wp-json\/wp\/v2\/tags?post=11283"}],"curies":[{"name":"wp","href":"https:\/\/api.w.org\/{rel}","templated":true}]}}