{"id":1123,"date":"2017-04-11T23:08:29","date_gmt":"2017-04-12T02:08:29","guid":{"rendered":"http:\/\/oeirasdopara.pa.gov.br\/?p=1123"},"modified":"2017-04-11T23:08:29","modified_gmt":"2017-04-12T02:08:29","slug":"pregao-presencial-n-o-92017-00014-srppmop","status":"publish","type":"post","link":"https:\/\/oeirasdopara.pa.gov.br\/novo\/pregao-presencial-n-o-92017-00014-srppmop\/","title":{"rendered":"PREG\u00c3O PRESENCIAL N.\u00ba 9\/2017-00014 SRP\/PMOP"},"content":{"rendered":"<p>Torna-se p\u00fablico, para conhecimento dos interessados, que o Munic\u00edpio de OEIRAS DO PAR\u00c1 atrav\u00e9s do FUNDO MUNICIPAL DE \u00a0ASSIST\u00caNCIA SOCIAL \u00a0DE OEIRAS DO PAR\u00c1, realizar\u00e1 licita\u00e7\u00e3o para REGISTRO DE PRE\u00c7OS, na modalidade PREG\u00c3O na forma PRESENCIAL, do tipo menor pre\u00e7o, nos termos da Lei n\u00ba 10.520, de 17 de julho de 2002, aplicando-se, subsidiariamente, a Lei n\u00ba 8.666, de 21 de junho de 1993, Decretos Federais n\u00b0. 7.892 de 23 de Janeiro de 2013 e n\u00b0 8.250 de 23 de Maio de 2014, bem como, pela Lei Complementar n\u00b0. 123\/2006, com as respectivas altera\u00e7\u00f5es posteriores e demais legisla\u00e7\u00e3o em vigor e nas exig\u00eancias estabelecidas neste Edital, para \u00a0futura e \u00a0eventual CONTRATA\u00c7\u00c3O DE EMPRESA ESPECIALIZADA EM PRESTA\u00c7\u00c3O DE SERVI\u00c7OS FUNER\u00c1RIOS COM O FORNECIMENTO DE URNAS F\u00daNEBRES, A FIM DE ATENDER AS FAM\u00cdLIAS CARENTES DESTE MUNIC\u00cdPIO ASSISTIDAS PELA \u00a0SECRETARIA MUNICIPAL \u00a0DE ASSIST\u00caNCIA SOCIAL, conforme condi\u00e7\u00f5es, quantidades e exig\u00eancias estabelecidas neste Edital e seus anexos.<\/p>\n<p>[button color=&#8221;green&#8221; size=&#8221;medium&#8221; link=&#8221;http:\/\/oeirasdopara.pa.gov.br\/wp-content\/uploads\/2017\/04\/EDITAL_MATERIAL_DE_FUNERARIA_050417_020158.pdf&#8221; icon=&#8221;&#8221; target=&#8221;true&#8221;]Baixar Edital Material de Funeraria[\/button]<\/script><\/p>\n","protected":false},"excerpt":{"rendered":"<p>Torna-se p\u00fablico, para conhecimento dos interessados, que o Munic\u00edpio de OEIRAS DO PAR\u00c1 atrav\u00e9s do FUNDO MUNICIPAL DE \u00a0ASSIST\u00caNCIA SOCIAL \u00a0DE OEIRAS DO PAR\u00c1, realizar\u00e1 licita\u00e7\u00e3o para REGISTRO DE PRE\u00c7OS, na modalidade PREG\u00c3O na forma PRESENCIAL, do tipo menor pre\u00e7o, nos termos da Lei n\u00ba 10.520, de 17 de julho de 2002, aplicando-se, subsidiariamente, a [&hellip;]<\/p>\n","protected":false},"author":8,"featured_media":0,"comment_status":"open","ping_status":"open","sticky":false,"template":"","format":"standard","meta":{"_seopress_robots_primary_cat":"","_seopress_titles_title":"","_seopress_titles_desc":"","_seopress_robots_index":"","footnotes":""},"categories":[69],"tags":[],"class_list":["post-1123","post","type-post","status-publish","format-standard","hentry","category-editais"],"_links":{"self":[{"href":"https:\/\/oeirasdopara.pa.gov.br\/novo\/wp-json\/wp\/v2\/posts\/1123","targetHints":{"allow":["GET"]}}],"collection":[{"href":"https:\/\/oeirasdopara.pa.gov.br\/novo\/wp-json\/wp\/v2\/posts"}],"about":[{"href":"https:\/\/oeirasdopara.pa.gov.br\/novo\/wp-json\/wp\/v2\/types\/post"}],"author":[{"embeddable":true,"href":"https:\/\/oeirasdopara.pa.gov.br\/novo\/wp-json\/wp\/v2\/users\/8"}],"replies":[{"embeddable":true,"href":"https:\/\/oeirasdopara.pa.gov.br\/novo\/wp-json\/wp\/v2\/comments?post=1123"}],"version-history":[{"count":1,"href":"https:\/\/oeirasdopara.pa.gov.br\/novo\/wp-json\/wp\/v2\/posts\/1123\/revisions"}],"predecessor-version":[{"id":1125,"href":"https:\/\/oeirasdopara.pa.gov.br\/novo\/wp-json\/wp\/v2\/posts\/1123\/revisions\/1125"}],"wp:attachment":[{"href":"https:\/\/oeirasdopara.pa.gov.br\/novo\/wp-json\/wp\/v2\/media?parent=1123"}],"wp:term":[{"taxonomy":"category","embeddable":true,"href":"https:\/\/oeirasdopara.pa.gov.br\/novo\/wp-json\/wp\/v2\/categories?post=1123"},{"taxonomy":"post_tag","embeddable":true,"href":"https:\/\/oeirasdopara.pa.gov.br\/novo\/wp-json\/wp\/v2\/tags?post=1123"}],"curies":[{"name":"wp","href":"https:\/\/api.w.org\/{rel}","templated":true}]}}