{"id":1120,"date":"2017-04-11T23:02:55","date_gmt":"2017-04-12T02:02:55","guid":{"rendered":"http:\/\/oeirasdopara.pa.gov.br\/?p=1120"},"modified":"2017-04-11T23:02:55","modified_gmt":"2017-04-12T02:02:55","slug":"pregao-n-o-92017-00013","status":"publish","type":"post","link":"https:\/\/oeirasdopara.pa.gov.br\/novo\/pregao-n-o-92017-00013\/","title":{"rendered":"PREG\u00c3O N.\u00ba  9\/2017-00013"},"content":{"rendered":"<p>O Munic\u00edpio de OEIRAS DO PAR\u00c1, atrav\u00e9s da PREFEITURA MUNICIPAL DE OEIRAS DO PAR\u00c1 e este Pregoeiro, leva ao conhecimento dos interessados que, na forma da Lei n\u00ba 10.520, de 17 de julho de 2002, e da Lei n.\u00ba 8.666, de 21 de junho de 1993, com as respectivas altera\u00e7\u00f5es posteriores e demais legisla\u00e7\u00f5es vigentes, far\u00e1 realizar licita\u00e7\u00e3o na modalidade Preg\u00e3o, do tipo menor pre\u00e7o, mediante as condi\u00e7\u00f5es estabelecidas neste edital e seus Anexos.<\/p>\n<p>[button color=&#8221;green&#8221; size=&#8221;medium&#8221; link=&#8221;http:\/\/oeirasdopara.pa.gov.br\/wp-content\/uploads\/2017\/04\/EDITAL_refeicoes_050417_020119.pdf&#8221; icon=&#8221;&#8221; target=&#8221;true&#8221;]Baixar Edital Refei\u00e7\u00f5es[\/button]<\/p>\n<p>&nbsp;<\/script><\/p>\n","protected":false},"excerpt":{"rendered":"<p>O Munic\u00edpio de OEIRAS DO PAR\u00c1, atrav\u00e9s da PREFEITURA MUNICIPAL DE OEIRAS DO PAR\u00c1 e este Pregoeiro, leva ao conhecimento dos interessados que, na forma da Lei n\u00ba 10.520, de 17 de julho de 2002, e da Lei n.\u00ba 8.666, de 21 de junho de 1993, com as respectivas altera\u00e7\u00f5es posteriores e demais legisla\u00e7\u00f5es vigentes, [&hellip;]<\/p>\n","protected":false},"author":8,"featured_media":0,"comment_status":"open","ping_status":"open","sticky":false,"template":"","format":"standard","meta":{"_seopress_robots_primary_cat":"","_seopress_titles_title":"","_seopress_titles_desc":"","_seopress_robots_index":"","footnotes":""},"categories":[69],"tags":[],"class_list":["post-1120","post","type-post","status-publish","format-standard","hentry","category-editais"],"_links":{"self":[{"href":"https:\/\/oeirasdopara.pa.gov.br\/novo\/wp-json\/wp\/v2\/posts\/1120","targetHints":{"allow":["GET"]}}],"collection":[{"href":"https:\/\/oeirasdopara.pa.gov.br\/novo\/wp-json\/wp\/v2\/posts"}],"about":[{"href":"https:\/\/oeirasdopara.pa.gov.br\/novo\/wp-json\/wp\/v2\/types\/post"}],"author":[{"embeddable":true,"href":"https:\/\/oeirasdopara.pa.gov.br\/novo\/wp-json\/wp\/v2\/users\/8"}],"replies":[{"embeddable":true,"href":"https:\/\/oeirasdopara.pa.gov.br\/novo\/wp-json\/wp\/v2\/comments?post=1120"}],"version-history":[{"count":1,"href":"https:\/\/oeirasdopara.pa.gov.br\/novo\/wp-json\/wp\/v2\/posts\/1120\/revisions"}],"predecessor-version":[{"id":1122,"href":"https:\/\/oeirasdopara.pa.gov.br\/novo\/wp-json\/wp\/v2\/posts\/1120\/revisions\/1122"}],"wp:attachment":[{"href":"https:\/\/oeirasdopara.pa.gov.br\/novo\/wp-json\/wp\/v2\/media?parent=1120"}],"wp:term":[{"taxonomy":"category","embeddable":true,"href":"https:\/\/oeirasdopara.pa.gov.br\/novo\/wp-json\/wp\/v2\/categories?post=1120"},{"taxonomy":"post_tag","embeddable":true,"href":"https:\/\/oeirasdopara.pa.gov.br\/novo\/wp-json\/wp\/v2\/tags?post=1120"}],"curies":[{"name":"wp","href":"https:\/\/api.w.org\/{rel}","templated":true}]}}