{"id":11134,"date":"2024-07-16T11:29:52","date_gmt":"2024-07-16T14:29:52","guid":{"rendered":"https:\/\/oeirasdopara.pa.gov.br\/novo\/?p=11134"},"modified":"2024-07-16T11:29:52","modified_gmt":"2024-07-16T14:29:52","slug":"enexibilidade-de-licitacao-no-6-2024-00014","status":"publish","type":"post","link":"https:\/\/oeirasdopara.pa.gov.br\/novo\/enexibilidade-de-licitacao-no-6-2024-00014\/","title":{"rendered":"ENEXIBILIDADE DE LICITA\u00c7\u00c3O N\u00ba 6\/2024-00014"},"content":{"rendered":"<p>OBJETO: CONTRATA\u00c7\u00c3O DIRETA DE EMPRESA DO SETOR ARTISTICO PARA OS SERVI\u00c7OS DE PRODU\u00c7\u00c3O E REALIZA\u00c7\u00c3O DE SHOW MUSICAL COM A BANDA MANU BAHTID\u00c3O NO DIA 21 DE JULHO DE 2024, NO EVENTO DO FESTIVAL DO CAMAR\u00c3O &#8211; FESTCAM 2024, QUE ACONTECERA NA ORLA DA CIDADE NOS DIAS 19, 20 E 21 DE JULHO DE 2024, SOB SUPERVIS\u00c3O E ORGANIZA\u00c7\u00c3O DA SECRETARIA MUNICIPAL DE CULTURA, DESPORTO, LAZER E TURISMO.<\/p>\n<ul>\n<li><a href=\"https:\/\/oeirasdopara.pa.gov.br\/novo\/wp-content\/uploads\/2024\/07\/REQUISITOS-DE-HABILITACAO-2-1.pdf\">REQUISITOS DE HABILITA\u00c7\u00c3O <\/a><\/li>\n<li><a href=\"https:\/\/oeirasdopara.pa.gov.br\/novo\/wp-content\/uploads\/2024\/07\/RAZAO-DA-ESCOLHA-1-1.pdf\">RAZ\u00c3O DA ESCOLHA <\/a><\/li>\n<li><a href=\"https:\/\/oeirasdopara.pa.gov.br\/novo\/wp-content\/uploads\/2024\/07\/RECURSOS-ORCAMENTARIO-1-1.pdf\">RECURSOS OR\u00c7AMENTARIO <\/a><\/li>\n<li><a href=\"https:\/\/oeirasdopara.pa.gov.br\/novo\/wp-content\/uploads\/2024\/07\/PARECER-JURIDICO-1-1.pdf\">PARECER JUR\u00cdDICO <\/a><\/li>\n<li><a href=\"https:\/\/oeirasdopara.pa.gov.br\/novo\/wp-content\/uploads\/2024\/07\/PARECER-CONTROLE-INTERNO-1-1.pdf\">PARECER CONTROLE INTERNO<\/a><\/li>\n<li><a href=\"https:\/\/oeirasdopara.pa.gov.br\/novo\/wp-content\/uploads\/2024\/07\/JUSTIFICATIVA-DO-PRECO-1-1.pdf\">JUSTIFICATIVA DO PRE\u00c7O<\/a><\/li>\n<li><a href=\"https:\/\/oeirasdopara.pa.gov.br\/novo\/wp-content\/uploads\/2024\/07\/DOCUMENTO-DE-FORMALIZACAO-1-2.pdf\">DOCUMENTO DE FORMALIZA\u00c7\u00c3O<\/a><\/li>\n<li><a href=\"https:\/\/oeirasdopara.pa.gov.br\/novo\/wp-content\/uploads\/2024\/07\/CONTRATO-DECLARACAO-1-1.pdf\">CONTRATO, DECLARA\u00c7\u00c3O<\/a><\/li>\n<li><a href=\"https:\/\/oeirasdopara.pa.gov.br\/novo\/wp-content\/uploads\/2024\/07\/AUTORIZACAO-DA-AUTORIDADE-1-1.pdf\">AUTORIZA\u00c7\u00c3O DA AUTORIDADE<\/a><\/li>\n<\/ul>\n<p>&nbsp;<\/p>\n<p>CONTRATOS:<\/p>\n<p>EM BREVE&#8230;<\/p>\n","protected":false},"excerpt":{"rendered":"<p>OBJETO: CONTRATA\u00c7\u00c3O DIRETA DE EMPRESA DO SETOR ARTISTICO PARA OS SERVI\u00c7OS DE PRODU\u00c7\u00c3O E REALIZA\u00c7\u00c3O DE SHOW MUSICAL COM A BANDA MANU BAHTID\u00c3O NO DIA 21 DE JULHO DE 2024, NO EVENTO DO FESTIVAL DO CAMAR\u00c3O &#8211; FESTCAM 2024, QUE ACONTECERA NA ORLA DA CIDADE NOS DIAS 19, 20 E 21 DE JULHO DE 2024, [&hellip;]<\/p>\n","protected":false},"author":6,"featured_media":0,"comment_status":"closed","ping_status":"open","sticky":false,"template":"","format":"standard","meta":{"_seopress_robots_primary_cat":"none","_seopress_titles_title":"","_seopress_titles_desc":"","_seopress_robots_index":"","footnotes":""},"categories":[69],"tags":[],"class_list":["post-11134","post","type-post","status-publish","format-standard","hentry","category-editais"],"_links":{"self":[{"href":"https:\/\/oeirasdopara.pa.gov.br\/novo\/wp-json\/wp\/v2\/posts\/11134","targetHints":{"allow":["GET"]}}],"collection":[{"href":"https:\/\/oeirasdopara.pa.gov.br\/novo\/wp-json\/wp\/v2\/posts"}],"about":[{"href":"https:\/\/oeirasdopara.pa.gov.br\/novo\/wp-json\/wp\/v2\/types\/post"}],"author":[{"embeddable":true,"href":"https:\/\/oeirasdopara.pa.gov.br\/novo\/wp-json\/wp\/v2\/users\/6"}],"replies":[{"embeddable":true,"href":"https:\/\/oeirasdopara.pa.gov.br\/novo\/wp-json\/wp\/v2\/comments?post=11134"}],"version-history":[{"count":1,"href":"https:\/\/oeirasdopara.pa.gov.br\/novo\/wp-json\/wp\/v2\/posts\/11134\/revisions"}],"predecessor-version":[{"id":11146,"href":"https:\/\/oeirasdopara.pa.gov.br\/novo\/wp-json\/wp\/v2\/posts\/11134\/revisions\/11146"}],"wp:attachment":[{"href":"https:\/\/oeirasdopara.pa.gov.br\/novo\/wp-json\/wp\/v2\/media?parent=11134"}],"wp:term":[{"taxonomy":"category","embeddable":true,"href":"https:\/\/oeirasdopara.pa.gov.br\/novo\/wp-json\/wp\/v2\/categories?post=11134"},{"taxonomy":"post_tag","embeddable":true,"href":"https:\/\/oeirasdopara.pa.gov.br\/novo\/wp-json\/wp\/v2\/tags?post=11134"}],"curies":[{"name":"wp","href":"https:\/\/api.w.org\/{rel}","templated":true}]}}