{"id":11121,"date":"2024-07-16T11:03:44","date_gmt":"2024-07-16T14:03:44","guid":{"rendered":"https:\/\/oeirasdopara.pa.gov.br\/novo\/?p=11121"},"modified":"2026-04-15T10:55:44","modified_gmt":"2026-04-15T13:55:44","slug":"inexigibilidade-de-licitacao-no-6-2024-00013","status":"publish","type":"post","link":"https:\/\/oeirasdopara.pa.gov.br\/novo\/inexigibilidade-de-licitacao-no-6-2024-00013\/","title":{"rendered":"INEXIGIBILIDADE DE LICITA\u00c7\u00c3O N\u00ba 6\/2024-00013"},"content":{"rendered":"<p>OBJETO: CONTRATA\u00c7\u00c3O DIRETA DE EMPRESA DO SETOR ART\u00cdSTICO PARA OS SERVI\u00c7OS DE PRODU\u00c7\u00c3O E REALIZA\u00c7\u00c3O DE SHOW MUSICAL COM A BANDA VIVIANE BATID\u00c3O NO DIA 20 DE JULHO DE 2024, NO EVENTO DO FESTIVAL DO CAMAR\u00c3O &#8211; FESTCAM 2024, QUE ACONTECERA NA ORLA DA CIDADE NOS DIAS 19, 20 E 21 DE JULHO DE 2024, SOB SUPERVIS\u00c3O E ORGANIZA\u00c7\u00c3O DA SECRETARIA MUNICIPAL DE CULTURA, DESPORTO, LAZER E TURISMO.<\/p>\n<ul>\n<li><a href=\"https:\/\/oeirasdopara.pa.gov.br\/novo\/wp-content\/uploads\/2024\/07\/REQUISITOS-DE-HABILITACAO-2.pdf\">REQUISITOS DE HABILITA\u00c7\u00c3O<\/a><\/li>\n<li><a href=\"https:\/\/oeirasdopara.pa.gov.br\/novo\/wp-content\/uploads\/2024\/07\/RAZAO-DA-ESCOLHA-2.pdf\">RAZ\u00c3O DA ESCOLHA<\/a><\/li>\n<li><a href=\"https:\/\/oeirasdopara.pa.gov.br\/novo\/wp-content\/uploads\/2024\/07\/RECURSOS-ORCAMENTARIO-1.pdf\">RECURSOS OR\u00c7AMENTARIO<\/a><\/li>\n<li><a href=\"https:\/\/oeirasdopara.pa.gov.br\/novo\/wp-content\/uploads\/2024\/07\/PARECER-JURIDICO-5.pdf\">PARECER JUR\u00cdDICO<\/a><\/li>\n<li><a href=\"https:\/\/oeirasdopara.pa.gov.br\/novo\/wp-content\/uploads\/2024\/07\/PARECER-CONTROLE-INTERNO-1.pdf\">PARECER CONTROLE INTERNO<\/a><\/li>\n<li><a href=\"https:\/\/oeirasdopara.pa.gov.br\/novo\/wp-content\/uploads\/2024\/07\/JUSTIFICATIVA-DO-PRECO-2.pdf\">JUSTIFICATIVA DO PRE\u00c7O<\/a><\/li>\n<li><a href=\"https:\/\/oeirasdopara.pa.gov.br\/novo\/wp-content\/uploads\/2024\/07\/DOCUMENTO-DE-FORMALIZACAO-4.pdf\">DOCUMENTO DE FORMALIZA\u00c7\u00c3O<\/a><\/li>\n<li><a href=\"https:\/\/oeirasdopara.pa.gov.br\/novo\/wp-content\/uploads\/2024\/07\/CONTRATO-DECLARACAO-2.pdf\">CONTRATO, DECLARA\u00c7\u00c3O<\/a><\/li>\n<li><a href=\"https:\/\/oeirasdopara.pa.gov.br\/novo\/wp-content\/uploads\/2024\/07\/AUTORIZACAO-DA-AUTORIDADE-2.pdf\">AUTORIZA\u00c7\u00c3O DA AUTORIDADE<\/a><\/li>\n<\/ul>\n<p>&nbsp;<\/p>\n<p>CONTRATOS:<\/p>\n<ul>\n<li><a href=\"https:\/\/oeirasdopara.pa.gov.br\/novo\/wp-content\/uploads\/2024\/07\/CONTRATO-N-20240264.pdf\">CONTRATO N 20240264<\/a><\/li>\n<\/ul>\n","protected":false},"excerpt":{"rendered":"<p>OBJETO: CONTRATA\u00c7\u00c3O DIRETA DE EMPRESA DO SETOR ART\u00cdSTICO PARA OS SERVI\u00c7OS DE PRODU\u00c7\u00c3O E REALIZA\u00c7\u00c3O DE SHOW MUSICAL COM A BANDA VIVIANE BATID\u00c3O NO DIA 20 DE JULHO DE 2024, NO EVENTO DO FESTIVAL DO CAMAR\u00c3O &#8211; FESTCAM 2024, QUE ACONTECERA NA ORLA DA CIDADE NOS DIAS 19, 20 E 21 DE JULHO DE 2024, [&hellip;]<\/p>\n","protected":false},"author":6,"featured_media":0,"comment_status":"closed","ping_status":"open","sticky":false,"template":"","format":"standard","meta":{"_seopress_robots_primary_cat":"none","_seopress_titles_title":"","_seopress_titles_desc":"","_seopress_robots_index":"","footnotes":""},"categories":[69],"tags":[],"class_list":["post-11121","post","type-post","status-publish","format-standard","hentry","category-editais"],"_links":{"self":[{"href":"https:\/\/oeirasdopara.pa.gov.br\/novo\/wp-json\/wp\/v2\/posts\/11121","targetHints":{"allow":["GET"]}}],"collection":[{"href":"https:\/\/oeirasdopara.pa.gov.br\/novo\/wp-json\/wp\/v2\/posts"}],"about":[{"href":"https:\/\/oeirasdopara.pa.gov.br\/novo\/wp-json\/wp\/v2\/types\/post"}],"author":[{"embeddable":true,"href":"https:\/\/oeirasdopara.pa.gov.br\/novo\/wp-json\/wp\/v2\/users\/6"}],"replies":[{"embeddable":true,"href":"https:\/\/oeirasdopara.pa.gov.br\/novo\/wp-json\/wp\/v2\/comments?post=11121"}],"version-history":[{"count":2,"href":"https:\/\/oeirasdopara.pa.gov.br\/novo\/wp-json\/wp\/v2\/posts\/11121\/revisions"}],"predecessor-version":[{"id":13755,"href":"https:\/\/oeirasdopara.pa.gov.br\/novo\/wp-json\/wp\/v2\/posts\/11121\/revisions\/13755"}],"wp:attachment":[{"href":"https:\/\/oeirasdopara.pa.gov.br\/novo\/wp-json\/wp\/v2\/media?parent=11121"}],"wp:term":[{"taxonomy":"category","embeddable":true,"href":"https:\/\/oeirasdopara.pa.gov.br\/novo\/wp-json\/wp\/v2\/categories?post=11121"},{"taxonomy":"post_tag","embeddable":true,"href":"https:\/\/oeirasdopara.pa.gov.br\/novo\/wp-json\/wp\/v2\/tags?post=11121"}],"curies":[{"name":"wp","href":"https:\/\/api.w.org\/{rel}","templated":true}]}}