{"id":11097,"date":"2024-07-16T09:48:30","date_gmt":"2024-07-16T12:48:30","guid":{"rendered":"https:\/\/oeirasdopara.pa.gov.br\/novo\/?p=11097"},"modified":"2024-07-16T09:48:30","modified_gmt":"2024-07-16T12:48:30","slug":"inexigibilidade-de-licitacao-no-6-2024-00015","status":"publish","type":"post","link":"https:\/\/oeirasdopara.pa.gov.br\/novo\/inexigibilidade-de-licitacao-no-6-2024-00015\/","title":{"rendered":"INEXIGIBILIDADE DE LICITA\u00c7\u00c3O N\u00ba 6\/2024-00015"},"content":{"rendered":"<p>OBJETO: CONTRATA\u00c7\u00c3O DIRETA DE EMPRESA DO SETOR ARTISTICO PARA OS SERVI\u00c7OS DE PRODU\u00c7\u00c3O E REALIZA\u00c7\u00c3O DE SHOW MUSICAL COM O CANTOR NADSON O FERINHA NO DIA 19 DE JULHO DE 2024, NO EVENTO DO FESTIVAL DO CAMAR\u00c3O &#8211; FESTCAM 2024, QUE ACONTECERA NA ORLA DA CIDADE NOS DIAS 19, 20 E 21 JULHO DE 2024, SOB SUPERVIS\u00c3O E ORGANIZA\u00c7\u00c3O DA SECRETARIA MUNICIPAL DE CULTURA, DESPORTO, LAZER E TURISMO.<\/p>\n<ul>\n<li><a href=\"https:\/\/oeirasdopara.pa.gov.br\/novo\/wp-content\/uploads\/2024\/07\/REQUISITOS-DE-HABILITACAO.pdf\">REQUISITOS DE HABILITA\u00c7\u00c3O<\/a><\/li>\n<li><a href=\"https:\/\/oeirasdopara.pa.gov.br\/novo\/wp-content\/uploads\/2024\/07\/RAZAO-DA-ESCOLHA.pdf\">RAZ\u00c3O DA ESCOLHA<\/a><\/li>\n<li><a href=\"https:\/\/oeirasdopara.pa.gov.br\/novo\/wp-content\/uploads\/2024\/07\/RECURSOS-ORCAMENTARIOS.pdf\">RECURSOS OR\u00c7AMENTARIOS<\/a><\/li>\n<li><a href=\"https:\/\/oeirasdopara.pa.gov.br\/novo\/wp-content\/uploads\/2024\/07\/PARECER-JURIDICO-3.pdf\">PARECER JURIDICO<\/a><\/li>\n<li><a href=\"https:\/\/oeirasdopara.pa.gov.br\/novo\/wp-content\/uploads\/2024\/07\/PARECER-CONTROLE-INTERNO.pdf\">PARECER CONTROLE INTERNO<\/a><\/li>\n<li><a href=\"https:\/\/oeirasdopara.pa.gov.br\/novo\/wp-content\/uploads\/2024\/07\/JUSTIFICATIVA-DO-PRECO.pdf\">JUSTIFICATIVA DO PRE\u00c7O<\/a><\/li>\n<li><a href=\"https:\/\/oeirasdopara.pa.gov.br\/novo\/wp-content\/uploads\/2024\/07\/DOCUMENTO-DE-FORMALIZACAO-3.pdf\">DOCUMENTO DE FORMALIZA\u00c7\u00c3O<\/a><\/li>\n<li><a href=\"https:\/\/oeirasdopara.pa.gov.br\/novo\/wp-content\/uploads\/2024\/07\/CONTRATO-DECLARACAO.pdf\">CONTRATO, DECLARA\u00c7\u00c3O<\/a><\/li>\n<li><a href=\"https:\/\/oeirasdopara.pa.gov.br\/novo\/wp-content\/uploads\/2024\/07\/AUTORIZACAO-DA-AUTORIDADE.pdf\">AUTORIZA\u00c7\u00c3O DA AUTORIDADE<\/a><\/li>\n<\/ul>\n<p>&nbsp;<\/p>\n<p>CONTRATOS:<\/p>\n<p>EM BREVE&#8230;<\/p>\n","protected":false},"excerpt":{"rendered":"<p>OBJETO: CONTRATA\u00c7\u00c3O DIRETA DE EMPRESA DO SETOR ARTISTICO PARA OS SERVI\u00c7OS DE PRODU\u00c7\u00c3O E REALIZA\u00c7\u00c3O DE SHOW MUSICAL COM O CANTOR NADSON O FERINHA NO DIA 19 DE JULHO DE 2024, NO EVENTO DO FESTIVAL DO CAMAR\u00c3O &#8211; FESTCAM 2024, QUE ACONTECERA NA ORLA DA CIDADE NOS DIAS 19, 20 E 21 JULHO DE 2024, [&hellip;]<\/p>\n","protected":false},"author":6,"featured_media":0,"comment_status":"closed","ping_status":"open","sticky":false,"template":"","format":"standard","meta":{"_seopress_robots_primary_cat":"none","_seopress_titles_title":"","_seopress_titles_desc":"","_seopress_robots_index":"","footnotes":""},"categories":[69],"tags":[],"class_list":["post-11097","post","type-post","status-publish","format-standard","hentry","category-editais"],"_links":{"self":[{"href":"https:\/\/oeirasdopara.pa.gov.br\/novo\/wp-json\/wp\/v2\/posts\/11097","targetHints":{"allow":["GET"]}}],"collection":[{"href":"https:\/\/oeirasdopara.pa.gov.br\/novo\/wp-json\/wp\/v2\/posts"}],"about":[{"href":"https:\/\/oeirasdopara.pa.gov.br\/novo\/wp-json\/wp\/v2\/types\/post"}],"author":[{"embeddable":true,"href":"https:\/\/oeirasdopara.pa.gov.br\/novo\/wp-json\/wp\/v2\/users\/6"}],"replies":[{"embeddable":true,"href":"https:\/\/oeirasdopara.pa.gov.br\/novo\/wp-json\/wp\/v2\/comments?post=11097"}],"version-history":[{"count":1,"href":"https:\/\/oeirasdopara.pa.gov.br\/novo\/wp-json\/wp\/v2\/posts\/11097\/revisions"}],"predecessor-version":[{"id":11109,"href":"https:\/\/oeirasdopara.pa.gov.br\/novo\/wp-json\/wp\/v2\/posts\/11097\/revisions\/11109"}],"wp:attachment":[{"href":"https:\/\/oeirasdopara.pa.gov.br\/novo\/wp-json\/wp\/v2\/media?parent=11097"}],"wp:term":[{"taxonomy":"category","embeddable":true,"href":"https:\/\/oeirasdopara.pa.gov.br\/novo\/wp-json\/wp\/v2\/categories?post=11097"},{"taxonomy":"post_tag","embeddable":true,"href":"https:\/\/oeirasdopara.pa.gov.br\/novo\/wp-json\/wp\/v2\/tags?post=11097"}],"curies":[{"name":"wp","href":"https:\/\/api.w.org\/{rel}","templated":true}]}}