{"id":11026,"date":"2024-07-05T11:19:50","date_gmt":"2024-07-05T14:19:50","guid":{"rendered":"https:\/\/oeirasdopara.pa.gov.br\/novo\/?p=11026"},"modified":"2024-07-05T11:20:11","modified_gmt":"2024-07-05T14:20:11","slug":"pregao-eletronico-srp-no-9-2024-00025","status":"publish","type":"post","link":"https:\/\/oeirasdopara.pa.gov.br\/novo\/pregao-eletronico-srp-no-9-2024-00025\/","title":{"rendered":"PREG\u00c3O ELETR\u00d4NICO SRP N\u00ba 9.2024-00025"},"content":{"rendered":"<p>OBJETO: CONTRATA\u00c7\u00c3O DE EMPRESA PARA FORNECIMENTO DE EQUIPAMENTOS DE INFORM\u00c1TICA PARA ATENDIMENTO NA INFORMATIZA\u00c7\u00c3O DAS EQUIPES DE SA\u00daDE DA FAM\u00cdLIA E DE ATEN\u00c7\u00c3O PRIM\u00c1RIA E DEMAIS NECESSIDADES DA SECRETARIA MUNICIPAL DE SA\u00daDE DE OEIRAS DO PAR\u00c1.<\/p>\n<ul>\n<li><a href=\"https:\/\/oeirasdopara.pa.gov.br\/novo\/wp-content\/uploads\/2024\/07\/TERMO-DE-REFERENCIA.pdf\">TERMO DE REFER\u00caNCIA<\/a><\/li>\n<li><a href=\"https:\/\/oeirasdopara.pa.gov.br\/novo\/wp-content\/uploads\/2024\/07\/MAPA-COMPARATIVO.pdf\">MAPA COMPARATIVO<\/a><\/li>\n<li><a href=\"https:\/\/oeirasdopara.pa.gov.br\/novo\/wp-content\/uploads\/2024\/07\/PARECER-JURIDICO.pdf\">PARECER JUR\u00cdDICO<\/a><\/li>\n<li><a href=\"https:\/\/oeirasdopara.pa.gov.br\/novo\/wp-content\/uploads\/2024\/07\/ESTUDO-TECNICO-PRELIMINAR.pdf\">ESTUDO T\u00c9CNICO PRELIMINAR<\/a><\/li>\n<li><a href=\"https:\/\/oeirasdopara.pa.gov.br\/novo\/wp-content\/uploads\/2024\/07\/DOCUMENTO-DE-FORMALIZACAO.pdf\">DOCUMENTO DE FORMALIZA\u00c7\u00c3O<\/a><\/li>\n<li><a href=\"https:\/\/oeirasdopara.pa.gov.br\/novo\/wp-content\/uploads\/2024\/07\/EDITAL.pdf\">EDITAL<\/a><\/li>\n<\/ul>\n<p>&nbsp;<\/p>\n<p>CONTRATOS:<\/p>\n<p>EM BREVE&#8230;<\/p>\n","protected":false},"excerpt":{"rendered":"<p>OBJETO: CONTRATA\u00c7\u00c3O DE EMPRESA PARA FORNECIMENTO DE EQUIPAMENTOS DE INFORM\u00c1TICA PARA ATENDIMENTO NA INFORMATIZA\u00c7\u00c3O DAS EQUIPES DE SA\u00daDE DA FAM\u00cdLIA E DE ATEN\u00c7\u00c3O PRIM\u00c1RIA E DEMAIS NECESSIDADES DA SECRETARIA MUNICIPAL DE SA\u00daDE DE OEIRAS DO PAR\u00c1. TERMO DE REFER\u00caNCIA MAPA COMPARATIVO PARECER JUR\u00cdDICO ESTUDO T\u00c9CNICO PRELIMINAR DOCUMENTO DE FORMALIZA\u00c7\u00c3O EDITAL &nbsp; CONTRATOS: EM BREVE&#8230;<\/p>\n","protected":false},"author":6,"featured_media":0,"comment_status":"closed","ping_status":"open","sticky":false,"template":"","format":"standard","meta":{"_seopress_robots_primary_cat":"none","_seopress_titles_title":"","_seopress_titles_desc":"","_seopress_robots_index":"","footnotes":""},"categories":[69],"tags":[],"class_list":["post-11026","post","type-post","status-publish","format-standard","hentry","category-editais"],"_links":{"self":[{"href":"https:\/\/oeirasdopara.pa.gov.br\/novo\/wp-json\/wp\/v2\/posts\/11026","targetHints":{"allow":["GET"]}}],"collection":[{"href":"https:\/\/oeirasdopara.pa.gov.br\/novo\/wp-json\/wp\/v2\/posts"}],"about":[{"href":"https:\/\/oeirasdopara.pa.gov.br\/novo\/wp-json\/wp\/v2\/types\/post"}],"author":[{"embeddable":true,"href":"https:\/\/oeirasdopara.pa.gov.br\/novo\/wp-json\/wp\/v2\/users\/6"}],"replies":[{"embeddable":true,"href":"https:\/\/oeirasdopara.pa.gov.br\/novo\/wp-json\/wp\/v2\/comments?post=11026"}],"version-history":[{"count":1,"href":"https:\/\/oeirasdopara.pa.gov.br\/novo\/wp-json\/wp\/v2\/posts\/11026\/revisions"}],"predecessor-version":[{"id":11035,"href":"https:\/\/oeirasdopara.pa.gov.br\/novo\/wp-json\/wp\/v2\/posts\/11026\/revisions\/11035"}],"wp:attachment":[{"href":"https:\/\/oeirasdopara.pa.gov.br\/novo\/wp-json\/wp\/v2\/media?parent=11026"}],"wp:term":[{"taxonomy":"category","embeddable":true,"href":"https:\/\/oeirasdopara.pa.gov.br\/novo\/wp-json\/wp\/v2\/categories?post=11026"},{"taxonomy":"post_tag","embeddable":true,"href":"https:\/\/oeirasdopara.pa.gov.br\/novo\/wp-json\/wp\/v2\/tags?post=11026"}],"curies":[{"name":"wp","href":"https:\/\/api.w.org\/{rel}","templated":true}]}}