{"id":11007,"date":"2024-06-25T11:35:29","date_gmt":"2024-06-25T14:35:29","guid":{"rendered":"https:\/\/oeirasdopara.pa.gov.br\/novo\/?p=11007"},"modified":"2026-04-15T17:00:41","modified_gmt":"2026-04-15T20:00:41","slug":"pregao-eletronico-srp-no-9-2024-00021","status":"publish","type":"post","link":"https:\/\/oeirasdopara.pa.gov.br\/novo\/pregao-eletronico-srp-no-9-2024-00021\/","title":{"rendered":"PREG\u00c3O ELETR\u00d4NICO SRP N\u00ba 9.2024-00021"},"content":{"rendered":"<p>OBJETO: CONTRATA\u00c7\u00c3O DE EMPRESA FORNECEDORA G\u00caNEROS ALIMENT\u00cdCIOS EM ATENDIMENTO AS NECESSIDADES A PREFEITURA DE OEIRAS DO PAR\u00c1, ATRAV\u00c9S DA SECRETARIA MUNICIPAL DE EDUCA\u00c7\u00c3O E FUNDOS VINCULADOS.<\/p>\n<ul>\n<li><a href=\"https:\/\/oeirasdopara.pa.gov.br\/novo\/wp-content\/uploads\/2024\/06\/TERMO-DE-REFERENCIA-21.pdf\">TERMO DE REFER\u00caNCIA <\/a><\/li>\n<li><a href=\"https:\/\/oeirasdopara.pa.gov.br\/novo\/wp-content\/uploads\/2024\/06\/MAPA-COMPARATIVO-74.pdf\">MAPA COMPARATIVO<\/a><\/li>\n<li><a href=\"https:\/\/oeirasdopara.pa.gov.br\/novo\/wp-content\/uploads\/2024\/06\/PARECER-JURIDICO-16.pdf\">PARECER JUR\u00cdDICO<\/a><\/li>\n<li><a href=\"https:\/\/oeirasdopara.pa.gov.br\/novo\/wp-content\/uploads\/2024\/06\/PARECER-CONTROLE-INTERNO-41.pdf\">PARECER CONTROLE INTERNO<\/a><\/li>\n<li><a href=\"https:\/\/oeirasdopara.pa.gov.br\/novo\/wp-content\/uploads\/2024\/06\/ESTUDO-TECNICO-PRELIMINAR-70.pdf\">ESTUDO T\u00c9CNICO PRELIMINAR<\/a><\/li>\n<li><a href=\"https:\/\/oeirasdopara.pa.gov.br\/novo\/wp-content\/uploads\/2024\/06\/JULGAMENTO-E-ATAS-DAS-SESSOES-17.pdf\">JULGAMENTO E ATAS DAS SESS\u00d5ES<\/a><\/li>\n<li><a href=\"https:\/\/oeirasdopara.pa.gov.br\/novo\/wp-content\/uploads\/2024\/06\/EDITAL-94.pdf\">EDITAL<\/a><\/li>\n<li><a href=\"https:\/\/oeirasdopara.pa.gov.br\/novo\/wp-content\/uploads\/2024\/06\/DOCUMENTO-DE-FORMALIZACAO-80.pdf\">DOCUMENTO DE FORMALIZA\u00c7\u00c3O<\/a><\/li>\n<li><a href=\"https:\/\/oeirasdopara.pa.gov.br\/novo\/wp-content\/uploads\/2024\/06\/ATO-DE-ADJUDICACAO-E-DE-HOMOLOGACAO-20.pdf\">ATO DE ADJUDICA\u00c7\u00c3O E DE HOMOLOGA\u00c7\u00c3O<\/a><\/li>\n<\/ul>\n<p>&nbsp;<\/p>\n<p>CONTRATOS:<\/p>\n<p>EM BREVE&#8230;<\/p>\n","protected":false},"excerpt":{"rendered":"<p>OBJETO: CONTRATA\u00c7\u00c3O DE EMPRESA FORNECEDORA G\u00caNEROS ALIMENT\u00cdCIOS EM ATENDIMENTO AS NECESSIDADES A PREFEITURA DE OEIRAS DO PAR\u00c1, ATRAV\u00c9S DA SECRETARIA MUNICIPAL DE EDUCA\u00c7\u00c3O E FUNDOS VINCULADOS. TERMO DE REFER\u00caNCIA MAPA COMPARATIVO PARECER JUR\u00cdDICO PARECER CONTROLE INTERNO ESTUDO T\u00c9CNICO PRELIMINAR JULGAMENTO E ATAS DAS SESS\u00d5ES EDITAL DOCUMENTO DE FORMALIZA\u00c7\u00c3O ATO DE ADJUDICA\u00c7\u00c3O E DE HOMOLOGA\u00c7\u00c3O &nbsp; [&hellip;]<\/p>\n","protected":false},"author":6,"featured_media":0,"comment_status":"closed","ping_status":"open","sticky":false,"template":"","format":"standard","meta":{"_seopress_robots_primary_cat":"none","_seopress_titles_title":"","_seopress_titles_desc":"","_seopress_robots_index":"","footnotes":""},"categories":[69],"tags":[],"class_list":["post-11007","post","type-post","status-publish","format-standard","hentry","category-editais"],"_links":{"self":[{"href":"https:\/\/oeirasdopara.pa.gov.br\/novo\/wp-json\/wp\/v2\/posts\/11007","targetHints":{"allow":["GET"]}}],"collection":[{"href":"https:\/\/oeirasdopara.pa.gov.br\/novo\/wp-json\/wp\/v2\/posts"}],"about":[{"href":"https:\/\/oeirasdopara.pa.gov.br\/novo\/wp-json\/wp\/v2\/types\/post"}],"author":[{"embeddable":true,"href":"https:\/\/oeirasdopara.pa.gov.br\/novo\/wp-json\/wp\/v2\/users\/6"}],"replies":[{"embeddable":true,"href":"https:\/\/oeirasdopara.pa.gov.br\/novo\/wp-json\/wp\/v2\/comments?post=11007"}],"version-history":[{"count":3,"href":"https:\/\/oeirasdopara.pa.gov.br\/novo\/wp-json\/wp\/v2\/posts\/11007\/revisions"}],"predecessor-version":[{"id":13926,"href":"https:\/\/oeirasdopara.pa.gov.br\/novo\/wp-json\/wp\/v2\/posts\/11007\/revisions\/13926"}],"wp:attachment":[{"href":"https:\/\/oeirasdopara.pa.gov.br\/novo\/wp-json\/wp\/v2\/media?parent=11007"}],"wp:term":[{"taxonomy":"category","embeddable":true,"href":"https:\/\/oeirasdopara.pa.gov.br\/novo\/wp-json\/wp\/v2\/categories?post=11007"},{"taxonomy":"post_tag","embeddable":true,"href":"https:\/\/oeirasdopara.pa.gov.br\/novo\/wp-json\/wp\/v2\/tags?post=11007"}],"curies":[{"name":"wp","href":"https:\/\/api.w.org\/{rel}","templated":true}]}}