{"id":10932,"date":"2024-05-28T10:30:31","date_gmt":"2024-05-28T13:30:31","guid":{"rendered":"https:\/\/oeirasdopara.pa.gov.br\/novo\/?p=10932"},"modified":"2024-05-28T10:31:55","modified_gmt":"2024-05-28T13:31:55","slug":"pregao-eletronico-srp-no-9-2024-00013","status":"publish","type":"post","link":"https:\/\/oeirasdopara.pa.gov.br\/novo\/pregao-eletronico-srp-no-9-2024-00013\/","title":{"rendered":"PREG\u00c3O ELETR\u00d4NICO SRP N\u00ba 9.2024-00013"},"content":{"rendered":"<p>OBJETO: AQUISI\u00c7\u00c3O DE EQUIPAMENTO\/MATERIAL PERMANENTE PARA ATEN\u00c7\u00c3O ESPECIALIZADA EM SA\u00daDE, ORIUNDOS DE PORTARIA DO MINIST\u00c9RIO DA SA\u00daDE GM\/MS 3.186 DE 26\/11\/2020 N\u00b0 DA PROPOSTA 12527.5160000\/1200-01, EM ATENDIMENTO AS NESSECIDADES DA SECRETARIA MUNICIPAL DE SA\u00daDE E DEPARTAMENTOS VINCULADOS.<\/p>\n<ul>\n<li><a href=\"https:\/\/oeirasdopara.pa.gov.br\/novo\/wp-content\/uploads\/2024\/05\/TERMO-DE-REFERENCIA-1-1.pdf\">TERMO DE REFER\u00caNCIA <\/a><\/li>\n<li><a href=\"https:\/\/oeirasdopara.pa.gov.br\/novo\/wp-content\/uploads\/2024\/05\/PARECER-JURIDICO-1-1.pdf\">PARECER JUR\u00cdDICO <\/a><\/li>\n<li><a href=\"https:\/\/oeirasdopara.pa.gov.br\/novo\/wp-content\/uploads\/2024\/05\/MAPA-COMPARATIVO-1-1.pdf\">MAPA COMPARATIVO <\/a><\/li>\n<li><a href=\"https:\/\/oeirasdopara.pa.gov.br\/novo\/wp-content\/uploads\/2024\/05\/ESTUDO-TECNICO-PRELIMINAR-1-1.pdf\">ESTUDO T\u00c9CNICO PRELIMINAR \u00a0<\/a><\/li>\n<li><a href=\"https:\/\/oeirasdopara.pa.gov.br\/novo\/wp-content\/uploads\/2024\/05\/EDITAL-1-1.pdf\">EDITAL <\/a><\/li>\n<li><a href=\"https:\/\/oeirasdopara.pa.gov.br\/novo\/wp-content\/uploads\/2024\/05\/DOCUMENTO-DE-FORMALIZACAO-1-1.pdf\">DOCUMENTO DE FORMALIZA\u00c7\u00c3O<\/a><\/li>\n<\/ul>\n<p>CONTRATOS:<\/p>\n<p>EM BREVE&#8230;<\/p>\n<p>&nbsp;<\/p>\n","protected":false},"excerpt":{"rendered":"<p>OBJETO: AQUISI\u00c7\u00c3O DE EQUIPAMENTO\/MATERIAL PERMANENTE PARA ATEN\u00c7\u00c3O ESPECIALIZADA EM SA\u00daDE, ORIUNDOS DE PORTARIA DO MINIST\u00c9RIO DA SA\u00daDE GM\/MS 3.186 DE 26\/11\/2020 N\u00b0 DA PROPOSTA 12527.5160000\/1200-01, EM ATENDIMENTO AS NESSECIDADES DA SECRETARIA MUNICIPAL DE SA\u00daDE E DEPARTAMENTOS VINCULADOS. TERMO DE REFER\u00caNCIA PARECER JUR\u00cdDICO MAPA COMPARATIVO ESTUDO T\u00c9CNICO PRELIMINAR \u00a0 EDITAL DOCUMENTO DE FORMALIZA\u00c7\u00c3O CONTRATOS: EM BREVE&#8230; [&hellip;]<\/p>\n","protected":false},"author":6,"featured_media":0,"comment_status":"closed","ping_status":"open","sticky":false,"template":"","format":"standard","meta":{"_seopress_robots_primary_cat":"none","_seopress_titles_title":"","_seopress_titles_desc":"","_seopress_robots_index":"","footnotes":""},"categories":[69],"tags":[],"class_list":["post-10932","post","type-post","status-publish","format-standard","hentry","category-editais"],"_links":{"self":[{"href":"https:\/\/oeirasdopara.pa.gov.br\/novo\/wp-json\/wp\/v2\/posts\/10932","targetHints":{"allow":["GET"]}}],"collection":[{"href":"https:\/\/oeirasdopara.pa.gov.br\/novo\/wp-json\/wp\/v2\/posts"}],"about":[{"href":"https:\/\/oeirasdopara.pa.gov.br\/novo\/wp-json\/wp\/v2\/types\/post"}],"author":[{"embeddable":true,"href":"https:\/\/oeirasdopara.pa.gov.br\/novo\/wp-json\/wp\/v2\/users\/6"}],"replies":[{"embeddable":true,"href":"https:\/\/oeirasdopara.pa.gov.br\/novo\/wp-json\/wp\/v2\/comments?post=10932"}],"version-history":[{"count":1,"href":"https:\/\/oeirasdopara.pa.gov.br\/novo\/wp-json\/wp\/v2\/posts\/10932\/revisions"}],"predecessor-version":[{"id":10941,"href":"https:\/\/oeirasdopara.pa.gov.br\/novo\/wp-json\/wp\/v2\/posts\/10932\/revisions\/10941"}],"wp:attachment":[{"href":"https:\/\/oeirasdopara.pa.gov.br\/novo\/wp-json\/wp\/v2\/media?parent=10932"}],"wp:term":[{"taxonomy":"category","embeddable":true,"href":"https:\/\/oeirasdopara.pa.gov.br\/novo\/wp-json\/wp\/v2\/categories?post=10932"},{"taxonomy":"post_tag","embeddable":true,"href":"https:\/\/oeirasdopara.pa.gov.br\/novo\/wp-json\/wp\/v2\/tags?post=10932"}],"curies":[{"name":"wp","href":"https:\/\/api.w.org\/{rel}","templated":true}]}}