{"id":10922,"date":"2024-05-28T10:17:43","date_gmt":"2024-05-28T13:17:43","guid":{"rendered":"https:\/\/oeirasdopara.pa.gov.br\/novo\/?p=10922"},"modified":"2024-05-28T10:17:43","modified_gmt":"2024-05-28T13:17:43","slug":"pregao-eletronico-srp-no-9-2024-00014","status":"publish","type":"post","link":"https:\/\/oeirasdopara.pa.gov.br\/novo\/pregao-eletronico-srp-no-9-2024-00014\/","title":{"rendered":"PREG\u00c3O ELETR\u00d4NICO SRP N\u00ba 9.2024-00014"},"content":{"rendered":"<p>OBJETO: CONTRATA\u00c7\u00c3O DE EMPRESA PARA AQUISI\u00c7\u00c3O DE EQUIPAMENTO\/MATERIAL PERMANENTE PARA ATEN\u00c7\u00c3O PRIMARIA, ORIUNDOS DE PORTARIA DO MINIST\u00c9RIO DA SA\u00daDE EM SA\u00daDE GM\/MS N\u00b0 1610 DE 26\/06\/2019, EM ATENDIMENTO AS NECESSIDADES DA SECRETARIA MUNICIPAL DE SA\u00daDE E DEPARTAMENTOS VINCULADOS.<\/p>\n<ul>\n<li><a href=\"https:\/\/oeirasdopara.pa.gov.br\/novo\/wp-content\/uploads\/2024\/05\/TERMO-DE-REFERENCIA-3.pdf\">TERMO DE REFER\u00caNCIA<\/a><\/li>\n<li><a href=\"https:\/\/oeirasdopara.pa.gov.br\/novo\/wp-content\/uploads\/2024\/05\/MAPA-COMPARATIVO-3.pdf\">MAPA COMPARATIVO<\/a><\/li>\n<li><a href=\"https:\/\/oeirasdopara.pa.gov.br\/novo\/wp-content\/uploads\/2024\/05\/PARECER-JURIDICO-3.pdf\">PARECER JUR\u00cdDICO<\/a><\/li>\n<li><a href=\"https:\/\/oeirasdopara.pa.gov.br\/novo\/wp-content\/uploads\/2024\/05\/ESTUDO-TECNICO-PRELIMINAR-3.pdf\">ESTUDO T\u00c9CNICO PRELIMINAR<\/a><\/li>\n<li><a href=\"https:\/\/oeirasdopara.pa.gov.br\/novo\/wp-content\/uploads\/2024\/05\/EDITAL-3.pdf\">EDITAL<\/a><\/li>\n<li><a href=\"https:\/\/oeirasdopara.pa.gov.br\/novo\/wp-content\/uploads\/2024\/05\/DOCUMENTO-DE-FORMALIZACAO-3.pdf\">DOCUMENTO DE FORMALIZA\u00c7\u00c3O<\/a><\/li>\n<\/ul>\n<p>CONTRATOS:<\/p>\n<p>EM BREVE&#8230;<\/p>\n","protected":false},"excerpt":{"rendered":"<p>OBJETO: CONTRATA\u00c7\u00c3O DE EMPRESA PARA AQUISI\u00c7\u00c3O DE EQUIPAMENTO\/MATERIAL PERMANENTE PARA ATEN\u00c7\u00c3O PRIMARIA, ORIUNDOS DE PORTARIA DO MINIST\u00c9RIO DA SA\u00daDE EM SA\u00daDE GM\/MS N\u00b0 1610 DE 26\/06\/2019, EM ATENDIMENTO AS NECESSIDADES DA SECRETARIA MUNICIPAL DE SA\u00daDE E DEPARTAMENTOS VINCULADOS. TERMO DE REFER\u00caNCIA MAPA COMPARATIVO PARECER JUR\u00cdDICO ESTUDO T\u00c9CNICO PRELIMINAR EDITAL DOCUMENTO DE FORMALIZA\u00c7\u00c3O CONTRATOS: EM BREVE&#8230;<\/p>\n","protected":false},"author":6,"featured_media":0,"comment_status":"closed","ping_status":"open","sticky":false,"template":"","format":"standard","meta":{"_seopress_robots_primary_cat":"none","_seopress_titles_title":"","_seopress_titles_desc":"","_seopress_robots_index":"","footnotes":""},"categories":[69],"tags":[],"class_list":["post-10922","post","type-post","status-publish","format-standard","hentry","category-editais"],"_links":{"self":[{"href":"https:\/\/oeirasdopara.pa.gov.br\/novo\/wp-json\/wp\/v2\/posts\/10922","targetHints":{"allow":["GET"]}}],"collection":[{"href":"https:\/\/oeirasdopara.pa.gov.br\/novo\/wp-json\/wp\/v2\/posts"}],"about":[{"href":"https:\/\/oeirasdopara.pa.gov.br\/novo\/wp-json\/wp\/v2\/types\/post"}],"author":[{"embeddable":true,"href":"https:\/\/oeirasdopara.pa.gov.br\/novo\/wp-json\/wp\/v2\/users\/6"}],"replies":[{"embeddable":true,"href":"https:\/\/oeirasdopara.pa.gov.br\/novo\/wp-json\/wp\/v2\/comments?post=10922"}],"version-history":[{"count":1,"href":"https:\/\/oeirasdopara.pa.gov.br\/novo\/wp-json\/wp\/v2\/posts\/10922\/revisions"}],"predecessor-version":[{"id":10931,"href":"https:\/\/oeirasdopara.pa.gov.br\/novo\/wp-json\/wp\/v2\/posts\/10922\/revisions\/10931"}],"wp:attachment":[{"href":"https:\/\/oeirasdopara.pa.gov.br\/novo\/wp-json\/wp\/v2\/media?parent=10922"}],"wp:term":[{"taxonomy":"category","embeddable":true,"href":"https:\/\/oeirasdopara.pa.gov.br\/novo\/wp-json\/wp\/v2\/categories?post=10922"},{"taxonomy":"post_tag","embeddable":true,"href":"https:\/\/oeirasdopara.pa.gov.br\/novo\/wp-json\/wp\/v2\/tags?post=10922"}],"curies":[{"name":"wp","href":"https:\/\/api.w.org\/{rel}","templated":true}]}}