{"id":10873,"date":"2024-05-14T09:51:33","date_gmt":"2024-05-14T12:51:33","guid":{"rendered":"https:\/\/oeirasdopara.pa.gov.br\/novo\/?p=10873"},"modified":"2024-05-14T09:52:39","modified_gmt":"2024-05-14T12:52:39","slug":"pregao-eletronico-srp-no-9-2024-00016","status":"publish","type":"post","link":"https:\/\/oeirasdopara.pa.gov.br\/novo\/pregao-eletronico-srp-no-9-2024-00016\/","title":{"rendered":"PREG\u00c3O ELETR\u00d4NICO SRP N\u00ba 9.2024-00016"},"content":{"rendered":"<p>OBJETO: CONTRATA\u00c7\u00c3O DE PESSOA JUR\u00cdDICA, PARA AQUISI\u00c7\u00c3O DE LIVROS DID\u00c1TICOS E PARADID\u00c1TICOS DE HIST\u00d3RIA E CULTURA AFRO-BRASILEIRA E IND\u00cdGENA, JUNTAMENTE COM FORMA\u00c7\u00c3O CONTINUADA PARA OS PROFESSORES, BEM COMO ACOMPANHAMENTO PEDAG\u00d3GICO COMO COMPONENTE CURRICULAR DO ENSINO FUNDAMENTAL 1\u00ba AO 9\u00ba ANO PARA O USO DOS PROFESSORES E ALUNOS DA REDE MUNICIPAL.<\/p>\n<ul>\n<li><a href=\"https:\/\/oeirasdopara.pa.gov.br\/novo\/wp-content\/uploads\/2024\/05\/MAPA-COMPARATIVO-1.pdf\">MAPA COMPARATIVO<\/a><\/li>\n<li><a href=\"https:\/\/oeirasdopara.pa.gov.br\/novo\/wp-content\/uploads\/2024\/05\/PARECER-JURIDICO-1.pdf\">PARECER JUR\u00cdDICO<\/a><\/li>\n<li><a href=\"https:\/\/oeirasdopara.pa.gov.br\/novo\/wp-content\/uploads\/2024\/05\/ESTUDO-TECNICO-PRELIMINAR-1.pdf\">ESTUDO T\u00c9CNICO PRELIMINAR<\/a><\/li>\n<li><a href=\"https:\/\/oeirasdopara.pa.gov.br\/novo\/wp-content\/uploads\/2024\/05\/TERMO-DE-REFERENCIA-1.pdf\">TERMO DE REFER\u00caNCIA<\/a><\/li>\n<li><a href=\"https:\/\/oeirasdopara.pa.gov.br\/novo\/wp-content\/uploads\/2024\/05\/EDITAL-1.pdf\">EDITAL<\/a><\/li>\n<li><a href=\"https:\/\/oeirasdopara.pa.gov.br\/novo\/wp-content\/uploads\/2024\/05\/DOCUMENTO-DE-FORMALIZACAO-1.pdf\">DOCUMENTO DE FORMALIZA\u00c7\u00c3O<\/a><\/li>\n<\/ul>\n<p>CONTRATOS:<\/p>\n<p>EM BREVE&#8230;<\/p>\n","protected":false},"excerpt":{"rendered":"<p>OBJETO: CONTRATA\u00c7\u00c3O DE PESSOA JUR\u00cdDICA, PARA AQUISI\u00c7\u00c3O DE LIVROS DID\u00c1TICOS E PARADID\u00c1TICOS DE HIST\u00d3RIA E CULTURA AFRO-BRASILEIRA E IND\u00cdGENA, JUNTAMENTE COM FORMA\u00c7\u00c3O CONTINUADA PARA OS PROFESSORES, BEM COMO ACOMPANHAMENTO PEDAG\u00d3GICO COMO COMPONENTE CURRICULAR DO ENSINO FUNDAMENTAL 1\u00ba AO 9\u00ba ANO PARA O USO DOS PROFESSORES E ALUNOS DA REDE MUNICIPAL. MAPA COMPARATIVO PARECER JUR\u00cdDICO ESTUDO [&hellip;]<\/p>\n","protected":false},"author":6,"featured_media":0,"comment_status":"closed","ping_status":"open","sticky":false,"template":"","format":"standard","meta":{"_seopress_robots_primary_cat":"none","_seopress_titles_title":"","_seopress_titles_desc":"","_seopress_robots_index":"","footnotes":""},"categories":[69],"tags":[],"class_list":["post-10873","post","type-post","status-publish","format-standard","hentry","category-editais"],"_links":{"self":[{"href":"https:\/\/oeirasdopara.pa.gov.br\/novo\/wp-json\/wp\/v2\/posts\/10873","targetHints":{"allow":["GET"]}}],"collection":[{"href":"https:\/\/oeirasdopara.pa.gov.br\/novo\/wp-json\/wp\/v2\/posts"}],"about":[{"href":"https:\/\/oeirasdopara.pa.gov.br\/novo\/wp-json\/wp\/v2\/types\/post"}],"author":[{"embeddable":true,"href":"https:\/\/oeirasdopara.pa.gov.br\/novo\/wp-json\/wp\/v2\/users\/6"}],"replies":[{"embeddable":true,"href":"https:\/\/oeirasdopara.pa.gov.br\/novo\/wp-json\/wp\/v2\/comments?post=10873"}],"version-history":[{"count":1,"href":"https:\/\/oeirasdopara.pa.gov.br\/novo\/wp-json\/wp\/v2\/posts\/10873\/revisions"}],"predecessor-version":[{"id":10882,"href":"https:\/\/oeirasdopara.pa.gov.br\/novo\/wp-json\/wp\/v2\/posts\/10873\/revisions\/10882"}],"wp:attachment":[{"href":"https:\/\/oeirasdopara.pa.gov.br\/novo\/wp-json\/wp\/v2\/media?parent=10873"}],"wp:term":[{"taxonomy":"category","embeddable":true,"href":"https:\/\/oeirasdopara.pa.gov.br\/novo\/wp-json\/wp\/v2\/categories?post=10873"},{"taxonomy":"post_tag","embeddable":true,"href":"https:\/\/oeirasdopara.pa.gov.br\/novo\/wp-json\/wp\/v2\/tags?post=10873"}],"curies":[{"name":"wp","href":"https:\/\/api.w.org\/{rel}","templated":true}]}}