{"id":10863,"date":"2024-05-13T11:57:15","date_gmt":"2024-05-13T14:57:15","guid":{"rendered":"https:\/\/oeirasdopara.pa.gov.br\/novo\/?p=10863"},"modified":"2026-04-17T10:40:37","modified_gmt":"2026-04-17T13:40:37","slug":"pregao-eletronico-srp-no-9-2024-00003","status":"publish","type":"post","link":"https:\/\/oeirasdopara.pa.gov.br\/novo\/pregao-eletronico-srp-no-9-2024-00003\/","title":{"rendered":"PREG\u00c3O ELETR\u00d4NICO SRP N\u00ba 9.2024-00003"},"content":{"rendered":"<p>OBJETO: AQUISI\u00c7\u00c3O DE G\u00caNEROS ALIMENT\u00cdCIOS PERECIVEIS E N\u00c3O PERECIVEIS, PARA ATENDER AOS ALUNOS DA REDE MUNICIPAL DE ENSINO DO MUNIC\u00cdPIO DE OEIRAS DO PAR\u00c1\/PA, CONFORME AS DIRETRIZES DO PROGRAMA NACIONAL DE ALIMENTA\u00c7\u00c3O ESCOLAR (PNAE).<\/p>\n<ul>\n<li><a href=\"https:\/\/oeirasdopara.pa.gov.br\/novo\/wp-content\/uploads\/2024\/05\/TERMO-DE-REFERENCIA-25.pdf\">TERMO DE REFER\u00caNCIA <\/a><\/li>\n<li><a href=\"https:\/\/oeirasdopara.pa.gov.br\/novo\/wp-content\/uploads\/2024\/05\/MAPA-COMPARATIVO-77.pdf\">MAPA COMPARATIVO <\/a><\/li>\n<li><a href=\"https:\/\/oeirasdopara.pa.gov.br\/novo\/wp-content\/uploads\/2024\/05\/PARECER-JURIDICO-20.pdf\">PARECER JUR\u00cdDICO<\/a><\/li>\n<li><a href=\"https:\/\/oeirasdopara.pa.gov.br\/novo\/wp-content\/uploads\/2024\/05\/PARECER-CONTROLE-INTERNO-45.pdf\">PARECER CONTROLE INTERNO<\/a><\/li>\n<li><a href=\"https:\/\/oeirasdopara.pa.gov.br\/novo\/wp-content\/uploads\/2024\/05\/JULGAMENTO-E-ATAS-DAS-SESSOES-21.pdf\">JULGAMENTO E ATAS DAS SESS\u00d5ES<\/a><\/li>\n<li><a href=\"https:\/\/oeirasdopara.pa.gov.br\/novo\/wp-content\/uploads\/2024\/05\/ESTUDO-TECNICO-PRELIMINAR-74.pdf\">ESTUDO T\u00c9CNICO PRELIMINAR<\/a><\/li>\n<li><a href=\"https:\/\/oeirasdopara.pa.gov.br\/novo\/wp-content\/uploads\/2024\/05\/EDITAL-98.pdf\">EDITAL<\/a><\/li>\n<li><a href=\"https:\/\/oeirasdopara.pa.gov.br\/novo\/wp-content\/uploads\/2024\/05\/DOCUMENTO-DE-FORMALIZACAO-84.pdf\">DOCUMENTO DE FORMALIZA\u00c7\u00c3O<\/a><\/li>\n<li><a href=\"https:\/\/oeirasdopara.pa.gov.br\/novo\/wp-content\/uploads\/2024\/05\/ATO-DE-ADJUDICACAO-E-DE-HOMOLOGACAO-24.pdf\">ATO DE ADJUDICA\u00c7\u00c3O E DE HOMOLOGA\u00c7\u00c3O<\/a><\/li>\n<\/ul>\n<p>CONTRATOS:<\/p>\n<p>EM BREVE&#8230;<\/p>\n","protected":false},"excerpt":{"rendered":"<p>OBJETO: AQUISI\u00c7\u00c3O DE G\u00caNEROS ALIMENT\u00cdCIOS PERECIVEIS E N\u00c3O PERECIVEIS, PARA ATENDER AOS ALUNOS DA REDE MUNICIPAL DE ENSINO DO MUNIC\u00cdPIO DE OEIRAS DO PAR\u00c1\/PA, CONFORME AS DIRETRIZES DO PROGRAMA NACIONAL DE ALIMENTA\u00c7\u00c3O ESCOLAR (PNAE). TERMO DE REFER\u00caNCIA MAPA COMPARATIVO PARECER JUR\u00cdDICO PARECER CONTROLE INTERNO JULGAMENTO E ATAS DAS SESS\u00d5ES ESTUDO T\u00c9CNICO PRELIMINAR EDITAL DOCUMENTO DE [&hellip;]<\/p>\n","protected":false},"author":6,"featured_media":0,"comment_status":"closed","ping_status":"open","sticky":false,"template":"","format":"standard","meta":{"_seopress_robots_primary_cat":"none","_seopress_titles_title":"","_seopress_titles_desc":"","_seopress_robots_index":"","footnotes":""},"categories":[69],"tags":[],"class_list":["post-10863","post","type-post","status-publish","format-standard","hentry","category-editais"],"_links":{"self":[{"href":"https:\/\/oeirasdopara.pa.gov.br\/novo\/wp-json\/wp\/v2\/posts\/10863","targetHints":{"allow":["GET"]}}],"collection":[{"href":"https:\/\/oeirasdopara.pa.gov.br\/novo\/wp-json\/wp\/v2\/posts"}],"about":[{"href":"https:\/\/oeirasdopara.pa.gov.br\/novo\/wp-json\/wp\/v2\/types\/post"}],"author":[{"embeddable":true,"href":"https:\/\/oeirasdopara.pa.gov.br\/novo\/wp-json\/wp\/v2\/users\/6"}],"replies":[{"embeddable":true,"href":"https:\/\/oeirasdopara.pa.gov.br\/novo\/wp-json\/wp\/v2\/comments?post=10863"}],"version-history":[{"count":3,"href":"https:\/\/oeirasdopara.pa.gov.br\/novo\/wp-json\/wp\/v2\/posts\/10863\/revisions"}],"predecessor-version":[{"id":13979,"href":"https:\/\/oeirasdopara.pa.gov.br\/novo\/wp-json\/wp\/v2\/posts\/10863\/revisions\/13979"}],"wp:attachment":[{"href":"https:\/\/oeirasdopara.pa.gov.br\/novo\/wp-json\/wp\/v2\/media?parent=10863"}],"wp:term":[{"taxonomy":"category","embeddable":true,"href":"https:\/\/oeirasdopara.pa.gov.br\/novo\/wp-json\/wp\/v2\/categories?post=10863"},{"taxonomy":"post_tag","embeddable":true,"href":"https:\/\/oeirasdopara.pa.gov.br\/novo\/wp-json\/wp\/v2\/tags?post=10863"}],"curies":[{"name":"wp","href":"https:\/\/api.w.org\/{rel}","templated":true}]}}