{"id":10832,"date":"2024-05-03T10:31:53","date_gmt":"2024-05-03T13:31:53","guid":{"rendered":"https:\/\/oeirasdopara.pa.gov.br\/novo\/?p=10832"},"modified":"2024-05-03T10:31:53","modified_gmt":"2024-05-03T13:31:53","slug":"concorrencia-n-3-2024-00003-cpl-pmop","status":"publish","type":"post","link":"https:\/\/oeirasdopara.pa.gov.br\/novo\/concorrencia-n-3-2024-00003-cpl-pmop\/","title":{"rendered":"CONCORR\u00caNCIA N\u00b0 3\/2024-00003-CPL\/PMOP"},"content":{"rendered":"<p>OBJETO: CONSTRU\u00c7\u00c3O DE UM ANEXO A\u00a0 E.M.E.F OSVALDO CRUZ, COM 01 SALA DE AULA, PATIO COBERTO, ADMINISTRA\u00c7\u00c3O, BANHEIROS MASC\/ FEM, COPA COZINHA , AREA DE SERVI\u00c7OS E DEPOSITOS NA COMUNIDADE PAI D&#8217;\u00c9GUA.<\/p>\n<ul>\n<li><a href=\"https:\/\/oeirasdopara.pa.gov.br\/novo\/wp-content\/uploads\/2024\/05\/PROJETO.pdf\">PROJETO<\/a><\/li>\n<li><a href=\"https:\/\/oeirasdopara.pa.gov.br\/novo\/wp-content\/uploads\/2024\/05\/publicacao-DOU.pdf\">publica\u00e7\u00e3o DOU<\/a><\/li>\n<li><a href=\"https:\/\/oeirasdopara.pa.gov.br\/novo\/wp-content\/uploads\/2024\/05\/publicacao-amazonia.pdf\">publica\u00e7\u00e3o amazonia<\/a><\/li>\n<li><a href=\"https:\/\/oeirasdopara.pa.gov.br\/novo\/wp-content\/uploads\/2024\/05\/MEMORIAL-DESCRITVO-E-ESPECIFICACOES-TECNICAS-E.M.E.F.-OSVALDO-CRUZ-ANEXO-PAIDEGUA.pdf\">MEMORIAL DESCRITVO E ESPECIFICA\u00c7\u00d5ES T\u00c9CNICAS E.M.E.F. OSVALDO CRUZ &#8211; ANEXO PAI&#8217;DEGUA<\/a><\/li>\n<li><a href=\"https:\/\/oeirasdopara.pa.gov.br\/novo\/wp-content\/uploads\/2024\/05\/CPU-ANEXO-PAIDEGUA-OSVALDO-CRUZ.pdf\">CPU ANEXO PAI&#8217;DEGUA &#8211; OSVALDO CRUZ<\/a><\/li>\n<li><a href=\"https:\/\/oeirasdopara.pa.gov.br\/novo\/wp-content\/uploads\/2024\/05\/PALNILHA-ORCA-ANEXO-PAIDEGUA-OSVALDO-CRUZ.pdf\">PALNILHA OR\u00c7A ANEXO PAI&#8217;DEGUA &#8211; OSVALDO CRUZ<\/a><\/li>\n<li><a href=\"https:\/\/oeirasdopara.pa.gov.br\/novo\/wp-content\/uploads\/2024\/05\/CRONOGRAMA-ANEXO-PAIDEGUA-OSVALDO-CRUZ.pdf\">CRONOGRAMA ANEXO PAI&#8217;DEGUA &#8211; OSVALDO CRUZ<\/a><\/li>\n<li><a href=\"https:\/\/oeirasdopara.pa.gov.br\/novo\/wp-content\/uploads\/2024\/05\/EDITAL-PAI-D\u00b4EGUA-OK-1.pdf\">EDITAL PAI D\u00b4\u00c9GUA OK<\/a><\/li>\n<\/ul>\n<p>CONTRATOS:<\/p>\n<p>EM BREVE&#8230;<\/p>\n","protected":false},"excerpt":{"rendered":"<p>OBJETO: CONSTRU\u00c7\u00c3O DE UM ANEXO A\u00a0 E.M.E.F OSVALDO CRUZ, COM 01 SALA DE AULA, PATIO COBERTO, ADMINISTRA\u00c7\u00c3O, BANHEIROS MASC\/ FEM, COPA COZINHA , AREA DE SERVI\u00c7OS E DEPOSITOS NA COMUNIDADE PAI D&#8217;\u00c9GUA. PROJETO publica\u00e7\u00e3o DOU publica\u00e7\u00e3o amazonia MEMORIAL DESCRITVO E ESPECIFICA\u00c7\u00d5ES T\u00c9CNICAS E.M.E.F. OSVALDO CRUZ &#8211; ANEXO PAI&#8217;DEGUA CPU ANEXO PAI&#8217;DEGUA &#8211; OSVALDO CRUZ PALNILHA [&hellip;]<\/p>\n","protected":false},"author":6,"featured_media":0,"comment_status":"closed","ping_status":"open","sticky":false,"template":"","format":"standard","meta":{"_seopress_robots_primary_cat":"none","_seopress_titles_title":"","_seopress_titles_desc":"","_seopress_robots_index":"","footnotes":""},"categories":[69],"tags":[],"class_list":["post-10832","post","type-post","status-publish","format-standard","hentry","category-editais"],"_links":{"self":[{"href":"https:\/\/oeirasdopara.pa.gov.br\/novo\/wp-json\/wp\/v2\/posts\/10832","targetHints":{"allow":["GET"]}}],"collection":[{"href":"https:\/\/oeirasdopara.pa.gov.br\/novo\/wp-json\/wp\/v2\/posts"}],"about":[{"href":"https:\/\/oeirasdopara.pa.gov.br\/novo\/wp-json\/wp\/v2\/types\/post"}],"author":[{"embeddable":true,"href":"https:\/\/oeirasdopara.pa.gov.br\/novo\/wp-json\/wp\/v2\/users\/6"}],"replies":[{"embeddable":true,"href":"https:\/\/oeirasdopara.pa.gov.br\/novo\/wp-json\/wp\/v2\/comments?post=10832"}],"version-history":[{"count":1,"href":"https:\/\/oeirasdopara.pa.gov.br\/novo\/wp-json\/wp\/v2\/posts\/10832\/revisions"}],"predecessor-version":[{"id":10843,"href":"https:\/\/oeirasdopara.pa.gov.br\/novo\/wp-json\/wp\/v2\/posts\/10832\/revisions\/10843"}],"wp:attachment":[{"href":"https:\/\/oeirasdopara.pa.gov.br\/novo\/wp-json\/wp\/v2\/media?parent=10832"}],"wp:term":[{"taxonomy":"category","embeddable":true,"href":"https:\/\/oeirasdopara.pa.gov.br\/novo\/wp-json\/wp\/v2\/categories?post=10832"},{"taxonomy":"post_tag","embeddable":true,"href":"https:\/\/oeirasdopara.pa.gov.br\/novo\/wp-json\/wp\/v2\/tags?post=10832"}],"curies":[{"name":"wp","href":"https:\/\/api.w.org\/{rel}","templated":true}]}}