{"id":10738,"date":"2024-04-16T10:21:22","date_gmt":"2024-04-16T13:21:22","guid":{"rendered":"https:\/\/oeirasdopara.pa.gov.br\/novo\/?p=10738"},"modified":"2024-04-16T10:22:57","modified_gmt":"2024-04-16T13:22:57","slug":"pregao-eletronico-srp-no-9-2024-00011","status":"publish","type":"post","link":"https:\/\/oeirasdopara.pa.gov.br\/novo\/pregao-eletronico-srp-no-9-2024-00011\/","title":{"rendered":"PREG\u00c3O ELETR\u00d4NICO SRP N\u00ba 9.2024-00011"},"content":{"rendered":"<p>OBJETO: CONTRATA\u00c7\u00c3O DE EMPRESA DE SERVI\u00c7OS FUNER\u00c1RIOS COM FORNECIMENTO DE URNAS MORTU\u00c1RIA (TAMANHOS VARIADOS) REMO\u00c7\u00c3O E TRANSLADO, PARA ATENDER A SECRETARIA MUNICIPAL DE ASSIST\u00caNCIA SOCIAL.<\/p>\n<ul>\n<li><a href=\"https:\/\/oeirasdopara.pa.gov.br\/novo\/wp-content\/uploads\/2024\/04\/TERMO-DE-REFERENCIA-1.pdf\">TERMO DE REFER\u00caNCIA<\/a><\/li>\n<li><a href=\"https:\/\/oeirasdopara.pa.gov.br\/novo\/wp-content\/uploads\/2024\/04\/PARECER-JURIDICO-1.pdf\">PARECER JUR\u00cdDICO<\/a><\/li>\n<li><a href=\"https:\/\/oeirasdopara.pa.gov.br\/novo\/wp-content\/uploads\/2024\/04\/MAPA-COMPARATIVO-1.pdf\">MAPA COMPARATIVO<\/a><\/li>\n<li><a href=\"https:\/\/oeirasdopara.pa.gov.br\/novo\/wp-content\/uploads\/2024\/04\/ESTUDO-TECNICO-PRELIMINAR-1.pdf\">ESTUDO T\u00c9CNICO PRELIMINAR<\/a><\/li>\n<li><a href=\"https:\/\/oeirasdopara.pa.gov.br\/novo\/wp-content\/uploads\/2024\/04\/EDITAL-1.pdf\">EDITAL<\/a><\/li>\n<li><a href=\"https:\/\/oeirasdopara.pa.gov.br\/novo\/wp-content\/uploads\/2024\/04\/DOCUMENTO-DE-FORMALIZACAO-1.pdf\">DOCUMENTO DE FORMALIZA\u00c7\u00c3O<\/a><\/li>\n<\/ul>\n<p>&nbsp;<\/p>\n<p>CONTRATOS:<\/p>\n<p>EM BREVE&#8230;<\/p>\n","protected":false},"excerpt":{"rendered":"<p>OBJETO: CONTRATA\u00c7\u00c3O DE EMPRESA DE SERVI\u00c7OS FUNER\u00c1RIOS COM FORNECIMENTO DE URNAS MORTU\u00c1RIA (TAMANHOS VARIADOS) REMO\u00c7\u00c3O E TRANSLADO, PARA ATENDER A SECRETARIA MUNICIPAL DE ASSIST\u00caNCIA SOCIAL. TERMO DE REFER\u00caNCIA PARECER JUR\u00cdDICO MAPA COMPARATIVO ESTUDO T\u00c9CNICO PRELIMINAR EDITAL DOCUMENTO DE FORMALIZA\u00c7\u00c3O &nbsp; CONTRATOS: EM BREVE&#8230;<\/p>\n","protected":false},"author":6,"featured_media":0,"comment_status":"closed","ping_status":"open","sticky":false,"template":"","format":"standard","meta":{"_seopress_robots_primary_cat":"none","_seopress_titles_title":"","_seopress_titles_desc":"","_seopress_robots_index":"","footnotes":""},"categories":[69],"tags":[],"class_list":["post-10738","post","type-post","status-publish","format-standard","hentry","category-editais"],"_links":{"self":[{"href":"https:\/\/oeirasdopara.pa.gov.br\/novo\/wp-json\/wp\/v2\/posts\/10738","targetHints":{"allow":["GET"]}}],"collection":[{"href":"https:\/\/oeirasdopara.pa.gov.br\/novo\/wp-json\/wp\/v2\/posts"}],"about":[{"href":"https:\/\/oeirasdopara.pa.gov.br\/novo\/wp-json\/wp\/v2\/types\/post"}],"author":[{"embeddable":true,"href":"https:\/\/oeirasdopara.pa.gov.br\/novo\/wp-json\/wp\/v2\/users\/6"}],"replies":[{"embeddable":true,"href":"https:\/\/oeirasdopara.pa.gov.br\/novo\/wp-json\/wp\/v2\/comments?post=10738"}],"version-history":[{"count":3,"href":"https:\/\/oeirasdopara.pa.gov.br\/novo\/wp-json\/wp\/v2\/posts\/10738\/revisions"}],"predecessor-version":[{"id":10749,"href":"https:\/\/oeirasdopara.pa.gov.br\/novo\/wp-json\/wp\/v2\/posts\/10738\/revisions\/10749"}],"wp:attachment":[{"href":"https:\/\/oeirasdopara.pa.gov.br\/novo\/wp-json\/wp\/v2\/media?parent=10738"}],"wp:term":[{"taxonomy":"category","embeddable":true,"href":"https:\/\/oeirasdopara.pa.gov.br\/novo\/wp-json\/wp\/v2\/categories?post=10738"},{"taxonomy":"post_tag","embeddable":true,"href":"https:\/\/oeirasdopara.pa.gov.br\/novo\/wp-json\/wp\/v2\/tags?post=10738"}],"curies":[{"name":"wp","href":"https:\/\/api.w.org\/{rel}","templated":true}]}}