{"id":10616,"date":"2024-02-28T11:46:06","date_gmt":"2024-02-28T14:46:06","guid":{"rendered":"https:\/\/oeirasdopara.pa.gov.br\/novo\/?p=10616"},"modified":"2024-05-15T10:30:58","modified_gmt":"2024-05-15T13:30:58","slug":"pregao-eletronico-srp-no-9-2024-00002","status":"publish","type":"post","link":"https:\/\/oeirasdopara.pa.gov.br\/novo\/pregao-eletronico-srp-no-9-2024-00002\/","title":{"rendered":"PREG\u00c3O ELETR\u00d4NICO SRP N\u00ba 9.2024-00002 SUSPENSO"},"content":{"rendered":"<p>OBJETO: CONTRATA\u00c7\u00c3O DE EMPRESA ESPECIALIZADA PARA PRESTA\u00c7\u00c3O DE SERVI\u00c7OS DO TRANSPORTE ESCOLAR, DESTINADO AS ROTAS (MUNICIPAIS E ESTADUAIS), VE\u00cdCULO TERRESTRE E FLUVIAL, CONFORME ESPECIFICA\u00c7\u00d5ES E QUANTIDADES CONSTANTES NO TERMO DE REFER\u00caNCIA E PLANILHAS EM ANEXOS, PARA ATENDER AS DEMANDAS DA REDE DE ENSINO DO MUNIC\u00cdPIO DE OEIRAS DO PAR\u00c1 NO ANO LETIVO DE 2024.<\/p>\n<ul>\n<li><a href=\"https:\/\/oeirasdopara.pa.gov.br\/novo\/wp-content\/uploads\/2024\/02\/EDITAL-3.pdf\">EDITAL<\/a><\/li>\n<li><a href=\"https:\/\/oeirasdopara.pa.gov.br\/novo\/wp-content\/uploads\/2024\/02\/ESTUDO-TECNICO-PRELIMINAR-1.pdf\">ESTUDO T\u00c9CNICO PRELIMINAR<\/a><\/li>\n<li><a href=\"https:\/\/oeirasdopara.pa.gov.br\/novo\/wp-content\/uploads\/2024\/02\/TERMO-DE-REFERENCIA-1.pdf\">TERMO DE REFER\u00caNCIA<\/a><\/li>\n<li><a href=\"https:\/\/oeirasdopara.pa.gov.br\/novo\/wp-content\/uploads\/2024\/02\/PESQUISA-DE-PRECOS-1.pdf\">PESQUISA DE PRE\u00c7OS<\/a><\/li>\n<li><a href=\"https:\/\/oeirasdopara.pa.gov.br\/novo\/wp-content\/uploads\/2024\/02\/PARECER-JURIDICO-1.pdf\">PARECER JUR\u00cdDICO<\/a><\/li>\n<li><a href=\"https:\/\/oeirasdopara.pa.gov.br\/novo\/wp-content\/uploads\/2024\/02\/DOCUMENTO-DE-FORMALIZACAO-1.pdf\">DOCUMENTO DE FORMALIZA\u00c7\u00c3O<\/a><\/li>\n<\/ul>\n<p>&nbsp;<\/p>\n<p>CONTRATOS:<\/p>\n<p>EM BREVE&#8230;<\/p>\n","protected":false},"excerpt":{"rendered":"<p>OBJETO: CONTRATA\u00c7\u00c3O DE EMPRESA ESPECIALIZADA PARA PRESTA\u00c7\u00c3O DE SERVI\u00c7OS DO TRANSPORTE ESCOLAR, DESTINADO AS ROTAS (MUNICIPAIS E ESTADUAIS), VE\u00cdCULO TERRESTRE E FLUVIAL, CONFORME ESPECIFICA\u00c7\u00d5ES E QUANTIDADES CONSTANTES NO TERMO DE REFER\u00caNCIA E PLANILHAS EM ANEXOS, PARA ATENDER AS DEMANDAS DA REDE DE ENSINO DO MUNIC\u00cdPIO DE OEIRAS DO PAR\u00c1 NO ANO LETIVO DE 2024. EDITAL [&hellip;]<\/p>\n","protected":false},"author":6,"featured_media":0,"comment_status":"closed","ping_status":"open","sticky":false,"template":"","format":"standard","meta":{"_seopress_robots_primary_cat":"none","_seopress_titles_title":"","_seopress_titles_desc":"","_seopress_robots_index":"","footnotes":""},"categories":[69],"tags":[],"class_list":["post-10616","post","type-post","status-publish","format-standard","hentry","category-editais"],"_links":{"self":[{"href":"https:\/\/oeirasdopara.pa.gov.br\/novo\/wp-json\/wp\/v2\/posts\/10616","targetHints":{"allow":["GET"]}}],"collection":[{"href":"https:\/\/oeirasdopara.pa.gov.br\/novo\/wp-json\/wp\/v2\/posts"}],"about":[{"href":"https:\/\/oeirasdopara.pa.gov.br\/novo\/wp-json\/wp\/v2\/types\/post"}],"author":[{"embeddable":true,"href":"https:\/\/oeirasdopara.pa.gov.br\/novo\/wp-json\/wp\/v2\/users\/6"}],"replies":[{"embeddable":true,"href":"https:\/\/oeirasdopara.pa.gov.br\/novo\/wp-json\/wp\/v2\/comments?post=10616"}],"version-history":[{"count":2,"href":"https:\/\/oeirasdopara.pa.gov.br\/novo\/wp-json\/wp\/v2\/posts\/10616\/revisions"}],"predecessor-version":[{"id":10900,"href":"https:\/\/oeirasdopara.pa.gov.br\/novo\/wp-json\/wp\/v2\/posts\/10616\/revisions\/10900"}],"wp:attachment":[{"href":"https:\/\/oeirasdopara.pa.gov.br\/novo\/wp-json\/wp\/v2\/media?parent=10616"}],"wp:term":[{"taxonomy":"category","embeddable":true,"href":"https:\/\/oeirasdopara.pa.gov.br\/novo\/wp-json\/wp\/v2\/categories?post=10616"},{"taxonomy":"post_tag","embeddable":true,"href":"https:\/\/oeirasdopara.pa.gov.br\/novo\/wp-json\/wp\/v2\/tags?post=10616"}],"curies":[{"name":"wp","href":"https:\/\/api.w.org\/{rel}","templated":true}]}}