{"id":10605,"date":"2024-02-23T11:42:22","date_gmt":"2024-02-23T14:42:22","guid":{"rendered":"https:\/\/oeirasdopara.pa.gov.br\/novo\/?p=10605"},"modified":"2024-02-23T11:42:22","modified_gmt":"2024-02-23T14:42:22","slug":"concorrencia-no-3-2024-00002-cpl-pmop","status":"publish","type":"post","link":"https:\/\/oeirasdopara.pa.gov.br\/novo\/concorrencia-no-3-2024-00002-cpl-pmop\/","title":{"rendered":"CONCORR\u00caNCIA N\u00ba 3\/2024-00002 \u2013 CPL\/PMOP"},"content":{"rendered":"<p>OBJETO: CONTRATA\u00c7\u00c3O DE EMPRESA ESPECIALIZADA EM PRESTA\u00c7\u00c3O DE SERVI\u00c7O DE ENGENHARIA PARA A CONSTRU\u00c7\u00c3O DE ESCOLA COM 03 (TR\u00caS) SALAS, P\u00c1TIO COBERTO, ADMINISTRA\u00c7\u00c3O, BANHEIROS MAS\/FEM, COPA\/COZINHA, AREA DE SERVI\u00c7O, DEPOSITOS E PASSARELA DE ACESSO PRINCIPAL, NA COMUNIDADE DA PEDREIRA \u2013 RIO ARIOCA &#8211; OEIRAS DO PAR\u00c1.<\/p>\n<ul>\n<li><a href=\"https:\/\/oeirasdopara.pa.gov.br\/novo\/wp-content\/uploads\/2024\/02\/Planilha-Orcamentaria-03-SALAS-PEDREIRA.pdf\">Planilha Or\u00e7ament\u00e1ria <\/a><\/li>\n<li><a href=\"https:\/\/oeirasdopara.pa.gov.br\/novo\/wp-content\/uploads\/2024\/02\/MEMORIAL-DESCRITIVO-ESCOLA-DE-3-SALAS-PEDREIRA.pdf\">MEMORIAL DESCRITIVO ESCOLA DE 3 SALAS PEDREIRA<\/a><\/li>\n<li><a href=\"https:\/\/oeirasdopara.pa.gov.br\/novo\/wp-content\/uploads\/2024\/02\/CRONOGRAMA-FF-E.M.E.F.-NSA-SRA-APARECIDA.pdf\">CRONOGRAMA FF &#8211; E.M.E.F. NSA SRA APARECIDA<\/a><\/li>\n<li><a href=\"https:\/\/oeirasdopara.pa.gov.br\/novo\/wp-content\/uploads\/2024\/02\/CPU-E.M.E.F.-NSA-SRA-APARECIDA.pdf\">CPU &#8211; E.M.E.F. NSA SRA APARECIDA<\/a><\/li>\n<li><a href=\"https:\/\/oeirasdopara.pa.gov.br\/novo\/wp-content\/uploads\/2024\/02\/EDITAL-2.pdf\">EDITAL<\/a><\/li>\n<li><a href=\"https:\/\/oeirasdopara.pa.gov.br\/novo\/wp-content\/uploads\/2024\/02\/PROJETO-1.pdf\">PROJETO<\/a><\/li>\n<\/ul>\n<p>CONTRATOS:<\/p>\n<p>EM BREVE&#8230;<\/p>\n","protected":false},"excerpt":{"rendered":"<p>OBJETO: CONTRATA\u00c7\u00c3O DE EMPRESA ESPECIALIZADA EM PRESTA\u00c7\u00c3O DE SERVI\u00c7O DE ENGENHARIA PARA A CONSTRU\u00c7\u00c3O DE ESCOLA COM 03 (TR\u00caS) SALAS, P\u00c1TIO COBERTO, ADMINISTRA\u00c7\u00c3O, BANHEIROS MAS\/FEM, COPA\/COZINHA, AREA DE SERVI\u00c7O, DEPOSITOS E PASSARELA DE ACESSO PRINCIPAL, NA COMUNIDADE DA PEDREIRA \u2013 RIO ARIOCA &#8211; OEIRAS DO PAR\u00c1. Planilha Or\u00e7ament\u00e1ria MEMORIAL DESCRITIVO ESCOLA DE 3 SALAS PEDREIRA [&hellip;]<\/p>\n","protected":false},"author":6,"featured_media":0,"comment_status":"closed","ping_status":"open","sticky":false,"template":"","format":"standard","meta":{"_seopress_robots_primary_cat":"none","_seopress_titles_title":"","_seopress_titles_desc":"","_seopress_robots_index":"","footnotes":""},"categories":[69],"tags":[],"class_list":["post-10605","post","type-post","status-publish","format-standard","hentry","category-editais"],"_links":{"self":[{"href":"https:\/\/oeirasdopara.pa.gov.br\/novo\/wp-json\/wp\/v2\/posts\/10605","targetHints":{"allow":["GET"]}}],"collection":[{"href":"https:\/\/oeirasdopara.pa.gov.br\/novo\/wp-json\/wp\/v2\/posts"}],"about":[{"href":"https:\/\/oeirasdopara.pa.gov.br\/novo\/wp-json\/wp\/v2\/types\/post"}],"author":[{"embeddable":true,"href":"https:\/\/oeirasdopara.pa.gov.br\/novo\/wp-json\/wp\/v2\/users\/6"}],"replies":[{"embeddable":true,"href":"https:\/\/oeirasdopara.pa.gov.br\/novo\/wp-json\/wp\/v2\/comments?post=10605"}],"version-history":[{"count":1,"href":"https:\/\/oeirasdopara.pa.gov.br\/novo\/wp-json\/wp\/v2\/posts\/10605\/revisions"}],"predecessor-version":[{"id":10614,"href":"https:\/\/oeirasdopara.pa.gov.br\/novo\/wp-json\/wp\/v2\/posts\/10605\/revisions\/10614"}],"wp:attachment":[{"href":"https:\/\/oeirasdopara.pa.gov.br\/novo\/wp-json\/wp\/v2\/media?parent=10605"}],"wp:term":[{"taxonomy":"category","embeddable":true,"href":"https:\/\/oeirasdopara.pa.gov.br\/novo\/wp-json\/wp\/v2\/categories?post=10605"},{"taxonomy":"post_tag","embeddable":true,"href":"https:\/\/oeirasdopara.pa.gov.br\/novo\/wp-json\/wp\/v2\/tags?post=10605"}],"curies":[{"name":"wp","href":"https:\/\/api.w.org\/{rel}","templated":true}]}}