{"id":1032,"date":"2017-03-29T12:07:20","date_gmt":"2017-03-29T15:07:20","guid":{"rendered":"http:\/\/prefeituraoeiras.com.br\/portal\/?p=1032"},"modified":"2017-03-29T18:08:47","modified_gmt":"2017-03-29T21:08:47","slug":"editais","status":"publish","type":"post","link":"https:\/\/oeirasdopara.pa.gov.br\/novo\/editais\/","title":{"rendered":"PREG\u00c3O PRESENCIAL  N.\u00ba9\/2017-00004 \u2013 SRP\/PMOP"},"content":{"rendered":"<p>O Munic\u00edpio de OEIRAS DO PAR\u00c1 atrav\u00e9s da PREFEITURA MUNICIPAL DE OEIRAS DO PAR\u00c1 e este Pregoeiro, leva ao conhecimento dos interessados que na forma da Lei n\u00ba 10.520, de 17 de julho de 2002, da Lei n.\u00ba 8.666, de 21 de junho de 1993 e Decretos Federais n\u00b0. 7.892 de 23 de Janeiro de 2013 e n\u00b0 8.250 de 23 de Maio de 2014, bem como, pela Lei Complementar n\u00b0. 123\/2006, com as respectivas altera\u00e7\u00f5es posteriores e demais legisla\u00e7\u00e3o em vigor, far\u00e1 realizar licita\u00e7\u00e3o na modalidade Preg\u00e3o, do tipo menor pre\u00e7o, visando o REGISTRO DE PRE\u00c7OS para futura e eventual AQUISI\u00c7\u00c3O DE GENEROS ALIMENT\u00cdCIOS OBJETIVANDO ATENDER AS NECESSIDADES DA PREFEITURA MUNICIPAL DE OEIRAS DO PAR\u00c1 , SECRETARIAS E FUNDOS MUNICIPAIS, conforme condi\u00e7\u00e3o que trata do objeto, mediante as condi\u00e7\u00f5es estabelecidas neste edital e seus anexos.<\/p>\n<p>[button color=&#8221;green&#8221; size=&#8221;small&#8221; link=&#8221;http:\/\/prefeituraoeiras.com.br\/portal\/wp-content\/uploads\/2017\/03\/04_-_EDITAL_GENEROS_ALIMENTICIOS_220217_154710.pdf&#8221; icon=&#8221;&#8221; target=&#8221;true&#8221;]Baixar Edital Generos Aliment\u00edcios[\/button]<\/script><\/p>\n","protected":false},"excerpt":{"rendered":"<p>O Munic\u00edpio de OEIRAS DO PAR\u00c1 atrav\u00e9s da PREFEITURA MUNICIPAL DE OEIRAS DO PAR\u00c1 e este Pregoeiro, leva ao conhecimento dos interessados que na forma da Lei n\u00ba 10.520, de 17 de julho de 2002, da Lei n.\u00ba 8.666, de 21 de junho de 1993 e Decretos Federais n\u00b0. 7.892 de 23 de Janeiro de [&hellip;]<\/p>\n","protected":false},"author":8,"featured_media":0,"comment_status":"open","ping_status":"open","sticky":false,"template":"","format":"standard","meta":{"_seopress_robots_primary_cat":"","_seopress_titles_title":"","_seopress_titles_desc":"","_seopress_robots_index":"","footnotes":""},"categories":[69],"tags":[],"class_list":["post-1032","post","type-post","status-publish","format-standard","hentry","category-editais"],"_links":{"self":[{"href":"https:\/\/oeirasdopara.pa.gov.br\/novo\/wp-json\/wp\/v2\/posts\/1032","targetHints":{"allow":["GET"]}}],"collection":[{"href":"https:\/\/oeirasdopara.pa.gov.br\/novo\/wp-json\/wp\/v2\/posts"}],"about":[{"href":"https:\/\/oeirasdopara.pa.gov.br\/novo\/wp-json\/wp\/v2\/types\/post"}],"author":[{"embeddable":true,"href":"https:\/\/oeirasdopara.pa.gov.br\/novo\/wp-json\/wp\/v2\/users\/8"}],"replies":[{"embeddable":true,"href":"https:\/\/oeirasdopara.pa.gov.br\/novo\/wp-json\/wp\/v2\/comments?post=1032"}],"version-history":[{"count":3,"href":"https:\/\/oeirasdopara.pa.gov.br\/novo\/wp-json\/wp\/v2\/posts\/1032\/revisions"}],"predecessor-version":[{"id":1048,"href":"https:\/\/oeirasdopara.pa.gov.br\/novo\/wp-json\/wp\/v2\/posts\/1032\/revisions\/1048"}],"wp:attachment":[{"href":"https:\/\/oeirasdopara.pa.gov.br\/novo\/wp-json\/wp\/v2\/media?parent=1032"}],"wp:term":[{"taxonomy":"category","embeddable":true,"href":"https:\/\/oeirasdopara.pa.gov.br\/novo\/wp-json\/wp\/v2\/categories?post=1032"},{"taxonomy":"post_tag","embeddable":true,"href":"https:\/\/oeirasdopara.pa.gov.br\/novo\/wp-json\/wp\/v2\/tags?post=1032"}],"curies":[{"name":"wp","href":"https:\/\/api.w.org\/{rel}","templated":true}]}}